{"id":2060,"date":"2018-05-25T14:21:14","date_gmt":"2018-05-25T12:21:14","guid":{"rendered":"https:\/\/avalon693.de\/?p=2060"},"modified":"2018-12-03T18:17:05","modified_gmt":"2018-12-03T17:17:05","slug":"ein-jahr-lang-sommer-von-horta-faial-nach-englischer-kanal-1-tag","status":"publish","type":"post","link":"https:\/\/avalon693.de\/?p=2060","title":{"rendered":"Ein Jahr lang Sommer &#8211; von Horta \/ Faial nach Englischer Kanal  &#8211; 1.  Tag"},"content":{"rendered":"<p>Donnerstag, 24.05.2018<\/p>\n<p>10.10h Leinen los in Horta. Zum ersten mal bin ich auf einer l\u00e4ngeren Seestrecke allein an Bord. 1030 hPa, 19,7\u00b0C, WT 17\u00b0C, Wind NON um 3 Bft, Kurs 60\u00b0-70\u00b0<\/p>\n<p>11.40h der Wind nimmt ab und kommt ziemlich von vorn, Motor an<\/p>\n<p>13.00h Motor aus, Genua 3 + Gro\u00df mit 1.Reff, Kurs 330-340\u00b0<\/p>\n<p>17.15h Delfine zu Besuch, ich mache ein Video<\/p>\n<p>18.00h 1030 hPa, 22,5\u00b0C, WT 17\u00b0C, Wind NON 3,5 Bft, Kurs 340-360\u00b0<\/p>\n<p>22.00h Gro\u00df ausgerefft, steht jetzt voll<\/p>\n<p>Freitag, 25.05.2018<\/p>\n<p>00.00h 1032 hPa, 18,6\u00b0C, WT 17\u00b0C, Wind NON 2 &#8211; 3 Bft, Kurs um 360\u00b0, Motor muss mithelfen<\/p>\n<p>02.10h Motor aus, segeln mit Vollem Gro\u00df + Genua 3<\/p>\n<p>06.00h 1031 hPa, 18,2\u00b0C, WT 17\u00b0C, Wind ONO 2 &#8211; 2,5 Bft, Kurs 10\u00b0<\/p>\n<p>06.10h Motor an<\/p>\n<p>09.10h Winddreher auf SO 3,5 Bft, Motor aus, Segeln mit vollem Gro\u00df + Genua 3, Kurs um 30\u00b0<\/p>\n<p>12.00h 1032 hPa, 20,8\u00b0C, WT 17\u00b0C, Wind OSO 3,5 &#8211; 4 Bft, Kurs 25\u00b0<\/p>\n<p>Position: 40\u00b016.0&#8217;N28\u00b023.5&#8217;W<\/p>\n<p>&nbsp;&nbsp;&nbsp;&nbsp;&nbsp;&nbsp; Logge (Meilen)&nbsp;&nbsp;&nbsp; Motor (Std)<br \/>\nStart&nbsp;&nbsp;&nbsp;&nbsp;&nbsp;&nbsp;&nbsp; 5346&nbsp;&nbsp;&nbsp;&nbsp;&nbsp;&nbsp;&nbsp;&nbsp;&nbsp;&nbsp;&nbsp;&nbsp;&nbsp;&nbsp;&nbsp; 80,1<br \/>\n1. Tag&nbsp;&nbsp;&nbsp;&nbsp;&nbsp; 5459&nbsp;&nbsp;&nbsp;&nbsp;&nbsp;&nbsp;&nbsp;&nbsp;&nbsp;&nbsp; &nbsp; &nbsp;&nbsp; 87,1<br \/>\nEtmal:&nbsp;&nbsp;&nbsp;&nbsp;&nbsp;&nbsp;&nbsp; 113(25,8Std.)&nbsp; 7,0 (Flautenschieberei)<\/p>\n<p>Durchschnitt: 4,4 Kn<\/p>\n<p>An Bord ist alles o.k.<br \/>\nDie erste Nacht habe ich gut \u00fcberstanden. Es war nicht langweilig und zum Schlafen bin ich nicht gekommen. Werde ich am Tag nachholen.<\/p>\n<p>Sch\u00f6ne Gr\u00fc\u00dfe vom Diesel fressenden Atlantik,<br \/>\nKuddel<\/p>\n","protected":false},"excerpt":{"rendered":"<p>Donnerstag, 24.05.2018 10.10h Leinen los in Horta. Zum ersten mal bin ich auf einer l\u00e4ngeren Seestrecke allein an Bord. 1030 hPa, 19,7\u00b0C, WT 17\u00b0C, Wind NON um 3 Bft, Kurs 60\u00b0-70\u00b0 11.40h der Wind nimmt ab und kommt ziemlich von&hellip; <\/p>\n","protected":false},"author":1,"featured_media":0,"comment_status":"open","ping_status":"closed","sticky":false,"template":"","format":"standard","meta":{"ngg_post_thumbnail":0,"jetpack_post_was_ever_published":false,"_jetpack_newsletter_access":"","_jetpack_dont_email_post_to_subs":false,"_jetpack_newsletter_tier_id":0,"_jetpack_memberships_contains_paywalled_content":false,"_jetpack_memberships_contains_paid_content":false,"footnotes":"","jetpack_publicize_message":"","jetpack_publicize_feature_enabled":true,"jetpack_social_post_already_shared":true,"jetpack_social_options":{"image_generator_settings":{"template":"highway","default_image_id":0,"font":"","enabled":false},"version":2}},"categories":[1],"tags":[],"class_list":["post-2060","post","type-post","status-publish","format-standard","hentry","category-allgemein"],"yoast_head":"<!-- This site is optimized with the Yoast SEO plugin v27.5 - https:\/\/yoast.com\/product\/yoast-seo-wordpress\/ -->\n<title>Ein Jahr lang Sommer - von Horta \/ Faial nach Englischer Kanal - 1. Tag - SY &quot;AVALON&quot;<\/title>\n<meta name=\"robots\" content=\"index, follow, max-snippet:-1, max-image-preview:large, max-video-preview:-1\" \/>\n<link rel=\"canonical\" href=\"https:\/\/avalon693.de\/?p=2060\" \/>\n<meta property=\"og:locale\" content=\"de_DE\" \/>\n<meta property=\"og:type\" content=\"article\" \/>\n<meta property=\"og:title\" content=\"Ein Jahr lang Sommer - von Horta \/ Faial nach Englischer Kanal - 1. Tag - SY &quot;AVALON&quot;\" \/>\n<meta property=\"og:description\" content=\"Donnerstag, 24.05.2018 10.10h Leinen los in Horta. Zum ersten mal bin ich auf einer l\u00e4ngeren Seestrecke allein an Bord. 1030 hPa, 19,7\u00b0C, WT 17\u00b0C, Wind NON um 3 Bft, Kurs 60\u00b0-70\u00b0 11.40h der Wind nimmt ab und kommt ziemlich von&hellip;\" \/>\n<meta property=\"og:url\" content=\"https:\/\/avalon693.de\/?p=2060\" \/>\n<meta property=\"og:site_name\" content=\"SY &quot;AVALON&quot;\" \/>\n<meta property=\"article:published_time\" content=\"2018-05-25T12:21:14+00:00\" \/>\n<meta property=\"article:modified_time\" content=\"2018-12-03T17:17:05+00:00\" \/>\n<meta name=\"author\" content=\"avalon693\" \/>\n<meta name=\"twitter:card\" content=\"summary_large_image\" \/>\n<meta name=\"twitter:label1\" content=\"Verfasst von\" \/>\n\t<meta name=\"twitter:data1\" content=\"avalon693\" \/>\n\t<meta name=\"twitter:label2\" content=\"Gesch\u00e4tzte Lesezeit\" \/>\n\t<meta name=\"twitter:data2\" content=\"1\u00a0Minute\" \/>\n<script type=\"application\/ld+json\" class=\"yoast-schema-graph\">{\"@context\":\"https:\\\/\\\/schema.org\",\"@graph\":[{\"@type\":\"Article\",\"@id\":\"https:\\\/\\\/avalon693.de\\\/?p=2060#article\",\"isPartOf\":{\"@id\":\"https:\\\/\\\/avalon693.de\\\/?p=2060\"},\"author\":{\"name\":\"avalon693\",\"@id\":\"https:\\\/\\\/avalon693.de\\\/#\\\/schema\\\/person\\\/5f77f124e16b82c3adebaa06144e5bcb\"},\"headline\":\"Ein Jahr lang Sommer &#8211; von Horta \\\/ Faial nach Englischer Kanal &#8211; 1. Tag\",\"datePublished\":\"2018-05-25T12:21:14+00:00\",\"dateModified\":\"2018-12-03T17:17:05+00:00\",\"mainEntityOfPage\":{\"@id\":\"https:\\\/\\\/avalon693.de\\\/?p=2060\"},\"wordCount\":256,\"commentCount\":0,\"inLanguage\":\"de\",\"potentialAction\":[{\"@type\":\"CommentAction\",\"name\":\"Comment\",\"target\":[\"https:\\\/\\\/avalon693.de\\\/?p=2060#respond\"]}]},{\"@type\":\"WebPage\",\"@id\":\"https:\\\/\\\/avalon693.de\\\/?p=2060\",\"url\":\"https:\\\/\\\/avalon693.de\\\/?p=2060\",\"name\":\"Ein Jahr lang Sommer - von Horta \\\/ Faial nach Englischer Kanal - 1. Tag - SY &quot;AVALON&quot;\",\"isPartOf\":{\"@id\":\"https:\\\/\\\/avalon693.de\\\/#website\"},\"datePublished\":\"2018-05-25T12:21:14+00:00\",\"dateModified\":\"2018-12-03T17:17:05+00:00\",\"author\":{\"@id\":\"https:\\\/\\\/avalon693.de\\\/#\\\/schema\\\/person\\\/5f77f124e16b82c3adebaa06144e5bcb\"},\"breadcrumb\":{\"@id\":\"https:\\\/\\\/avalon693.de\\\/?p=2060#breadcrumb\"},\"inLanguage\":\"de\",\"potentialAction\":[{\"@type\":\"ReadAction\",\"target\":[\"https:\\\/\\\/avalon693.de\\\/?p=2060\"]}]},{\"@type\":\"BreadcrumbList\",\"@id\":\"https:\\\/\\\/avalon693.de\\\/?p=2060#breadcrumb\",\"itemListElement\":[{\"@type\":\"ListItem\",\"position\":1,\"name\":\"Startseite\",\"item\":\"https:\\\/\\\/avalon693.de\\\/\"},{\"@type\":\"ListItem\",\"position\":2,\"name\":\"Ein Jahr lang Sommer &#8211; von Horta \\\/ Faial nach Englischer Kanal &#8211; 1. Tag\"}]},{\"@type\":\"WebSite\",\"@id\":\"https:\\\/\\\/avalon693.de\\\/#website\",\"url\":\"https:\\\/\\\/avalon693.de\\\/\",\"name\":\"SY &quot;AVALON&quot;\",\"description\":\"Ein Online-Log-\\\/Fahrtenbuch der Avalon\",\"potentialAction\":[{\"@type\":\"SearchAction\",\"target\":{\"@type\":\"EntryPoint\",\"urlTemplate\":\"https:\\\/\\\/avalon693.de\\\/?s={search_term_string}\"},\"query-input\":{\"@type\":\"PropertyValueSpecification\",\"valueRequired\":true,\"valueName\":\"search_term_string\"}}],\"inLanguage\":\"de\"},{\"@type\":\"Person\",\"@id\":\"https:\\\/\\\/avalon693.de\\\/#\\\/schema\\\/person\\\/5f77f124e16b82c3adebaa06144e5bcb\",\"name\":\"avalon693\",\"sameAs\":[\"http:\\\/\\\/www.avalon693.de\"],\"url\":\"https:\\\/\\\/avalon693.de\\\/?author=1\"}]}<\/script>\n<!-- \/ Yoast SEO plugin. -->","yoast_head_json":{"title":"Ein Jahr lang Sommer - von Horta \/ Faial nach Englischer Kanal - 1. Tag - SY &quot;AVALON&quot;","robots":{"index":"index","follow":"follow","max-snippet":"max-snippet:-1","max-image-preview":"max-image-preview:large","max-video-preview":"max-video-preview:-1"},"canonical":"https:\/\/avalon693.de\/?p=2060","og_locale":"de_DE","og_type":"article","og_title":"Ein Jahr lang Sommer - von Horta \/ Faial nach Englischer Kanal - 1. Tag - SY &quot;AVALON&quot;","og_description":"Donnerstag, 24.05.2018 10.10h Leinen los in Horta. Zum ersten mal bin ich auf einer l\u00e4ngeren Seestrecke allein an Bord. 1030 hPa, 19,7\u00b0C, WT 17\u00b0C, Wind NON um 3 Bft, Kurs 60\u00b0-70\u00b0 11.40h der Wind nimmt ab und kommt ziemlich von&hellip;","og_url":"https:\/\/avalon693.de\/?p=2060","og_site_name":"SY &quot;AVALON&quot;","article_published_time":"2018-05-25T12:21:14+00:00","article_modified_time":"2018-12-03T17:17:05+00:00","author":"avalon693","twitter_card":"summary_large_image","twitter_misc":{"Verfasst von":"avalon693","Gesch\u00e4tzte Lesezeit":"1\u00a0Minute"},"schema":{"@context":"https:\/\/schema.org","@graph":[{"@type":"Article","@id":"https:\/\/avalon693.de\/?p=2060#article","isPartOf":{"@id":"https:\/\/avalon693.de\/?p=2060"},"author":{"name":"avalon693","@id":"https:\/\/avalon693.de\/#\/schema\/person\/5f77f124e16b82c3adebaa06144e5bcb"},"headline":"Ein Jahr lang Sommer &#8211; von Horta \/ Faial nach Englischer Kanal &#8211; 1. Tag","datePublished":"2018-05-25T12:21:14+00:00","dateModified":"2018-12-03T17:17:05+00:00","mainEntityOfPage":{"@id":"https:\/\/avalon693.de\/?p=2060"},"wordCount":256,"commentCount":0,"inLanguage":"de","potentialAction":[{"@type":"CommentAction","name":"Comment","target":["https:\/\/avalon693.de\/?p=2060#respond"]}]},{"@type":"WebPage","@id":"https:\/\/avalon693.de\/?p=2060","url":"https:\/\/avalon693.de\/?p=2060","name":"Ein Jahr lang Sommer - von Horta \/ Faial nach Englischer Kanal - 1. Tag - SY &quot;AVALON&quot;","isPartOf":{"@id":"https:\/\/avalon693.de\/#website"},"datePublished":"2018-05-25T12:21:14+00:00","dateModified":"2018-12-03T17:17:05+00:00","author":{"@id":"https:\/\/avalon693.de\/#\/schema\/person\/5f77f124e16b82c3adebaa06144e5bcb"},"breadcrumb":{"@id":"https:\/\/avalon693.de\/?p=2060#breadcrumb"},"inLanguage":"de","potentialAction":[{"@type":"ReadAction","target":["https:\/\/avalon693.de\/?p=2060"]}]},{"@type":"BreadcrumbList","@id":"https:\/\/avalon693.de\/?p=2060#breadcrumb","itemListElement":[{"@type":"ListItem","position":1,"name":"Startseite","item":"https:\/\/avalon693.de\/"},{"@type":"ListItem","position":2,"name":"Ein Jahr lang Sommer &#8211; von Horta \/ Faial nach Englischer Kanal &#8211; 1. Tag"}]},{"@type":"WebSite","@id":"https:\/\/avalon693.de\/#website","url":"https:\/\/avalon693.de\/","name":"SY &quot;AVALON&quot;","description":"Ein Online-Log-\/Fahrtenbuch der Avalon","potentialAction":[{"@type":"SearchAction","target":{"@type":"EntryPoint","urlTemplate":"https:\/\/avalon693.de\/?s={search_term_string}"},"query-input":{"@type":"PropertyValueSpecification","valueRequired":true,"valueName":"search_term_string"}}],"inLanguage":"de"},{"@type":"Person","@id":"https:\/\/avalon693.de\/#\/schema\/person\/5f77f124e16b82c3adebaa06144e5bcb","name":"avalon693","sameAs":["http:\/\/www.avalon693.de"],"url":"https:\/\/avalon693.de\/?author=1"}]}},"jetpack_publicize_connections":[],"jetpack_featured_media_url":"","jetpack_sharing_enabled":true,"jetpack_shortlink":"https:\/\/wp.me\/p5W3dN-xe","_links":{"self":[{"href":"https:\/\/avalon693.de\/index.php?rest_route=\/wp\/v2\/posts\/2060","targetHints":{"allow":["GET"]}}],"collection":[{"href":"https:\/\/avalon693.de\/index.php?rest_route=\/wp\/v2\/posts"}],"about":[{"href":"https:\/\/avalon693.de\/index.php?rest_route=\/wp\/v2\/types\/post"}],"author":[{"embeddable":true,"href":"https:\/\/avalon693.de\/index.php?rest_route=\/wp\/v2\/users\/1"}],"replies":[{"embeddable":true,"href":"https:\/\/avalon693.de\/index.php?rest_route=%2Fwp%2Fv2%2Fcomments&post=2060"}],"version-history":[{"count":2,"href":"https:\/\/avalon693.de\/index.php?rest_route=\/wp\/v2\/posts\/2060\/revisions"}],"predecessor-version":[{"id":2436,"href":"https:\/\/avalon693.de\/index.php?rest_route=\/wp\/v2\/posts\/2060\/revisions\/2436"}],"wp:attachment":[{"href":"https:\/\/avalon693.de\/index.php?rest_route=%2Fwp%2Fv2%2Fmedia&parent=2060"}],"wp:term":[{"taxonomy":"category","embeddable":true,"href":"https:\/\/avalon693.de\/index.php?rest_route=%2Fwp%2Fv2%2Fcategories&post=2060"},{"taxonomy":"post_tag","embeddable":true,"href":"https:\/\/avalon693.de\/index.php?rest_route=%2Fwp%2Fv2%2Ftags&post=2060"}],"curies":[{"name":"wp","href":"https:\/\/api.w.org\/{rel}","templated":true}]}}