{"id":1800,"date":"2018-03-03T03:38:58","date_gmt":"2018-03-03T02:38:58","guid":{"rendered":"https:\/\/avalon693.de\/?p=1800"},"modified":"2018-11-29T13:32:54","modified_gmt":"2018-11-29T12:32:54","slug":"ein-jahr-lang-sommer-von-fort-de-france-nach-saint-pierre","status":"publish","type":"post","link":"https:\/\/avalon693.de\/?p=1800","title":{"rendered":"Ein Jahr lang Sommer &#8211; Von Fort de France nach Saint Pierre"},"content":{"rendered":"<p>28.01. bis 14.02.2018 &#8211; Hafentage in der Marina Z&#8217;Abricots<\/p>\n<p>Heute ist der 28.01.2018 und es ist Tag 1 nach B\u00e4rbels Abreise.&nbsp; Zeit f\u00fcr Melancholie gibt es nicht, denn da ist schnell &#8217;ne Andere. Die Andere ist ganz von allein gekommen, auf lautlosen Pfoten und hat sich einfach durch&#8217;s Vorluk in meine Koje geschlichen.<\/p>\n<div id=\"attachment_1788\" style=\"width: 1010px\" class=\"wp-caption alignnone\"><a href=\"https:\/\/i0.wp.com\/avalon693.de\/wp-content\/uploads\/2018\/02\/P1040974.jpg?ssl=1\"><img data-recalc-dims=\"1\" loading=\"lazy\" decoding=\"async\" aria-describedby=\"caption-attachment-1788\" class=\"wp-image-1788 size-full\" src=\"https:\/\/i0.wp.com\/avalon693.de\/wp-content\/uploads\/2018\/02\/P1040974.jpg?resize=700%2C525&#038;ssl=1\" alt=\"\" width=\"700\" height=\"525\" srcset=\"https:\/\/i0.wp.com\/avalon693.de\/wp-content\/uploads\/2018\/02\/P1040974.jpg?w=1000&amp;ssl=1 1000w, https:\/\/i0.wp.com\/avalon693.de\/wp-content\/uploads\/2018\/02\/P1040974.jpg?resize=300%2C225&amp;ssl=1 300w, https:\/\/i0.wp.com\/avalon693.de\/wp-content\/uploads\/2018\/02\/P1040974.jpg?resize=768%2C576&amp;ssl=1 768w\" sizes=\"auto, (max-width: 700px) 100vw, 700px\" \/><\/a><p id=\"caption-attachment-1788\" class=\"wp-caption-text\">Gro\u00dfe \u00dcberraschung! Eine schwarze Katze liegt in meiner Koje und schaut mich aus unergr\u00fcndlichen Katzenaugen an.<\/p><\/div>\n<p>Eine ganze Zeit lang hat sie mich t\u00e4glich besucht, aber in die Koje hab&#8216; ich sie nicht mehr gelassen. Sp\u00e4ter kommen Engl\u00e4nder, ein Herr mit 3 Damen, als neue Stegnachbarn. Die Damen sind ganz entz\u00fcckt von der Katze und sie fragen mich nach ihrem Namen. Ich muss passen und als ich ihnen erz\u00e4hle, dass sie wohl auf mehreren Booten hier im Hafen ein und aus geht, taufen sie sie auf den Namen &#8218;Marina Cat&#8216;. Wie passend, trotzdem irgendwie originell. An Bord der Engl\u00e4nder darf sie nicht, der Skipper lehnt es kategorisch ab. Vielleicht ist er ja allergisch&#8230;..<\/p>\n<p>Die Marina Z&#8217;Abricots liegt zwar etwas abseits, aber der Service ist gut und sie ist sehr preiswert. Ich beschlie\u00dfe deshalb, ein paar Tage zu bleiben. Zeit habe ich genug, denn B\u00e4rbel und ich wollen uns erst am 03.03.2018 in Guadeloupe wieder treffen. Auf dem Weg dahin liegt nur Dominica und ich wei\u00df noch gar nicht, ob ich \u00fcberhaupt dorthin fahre. Die Angestellten der Marina raten mir davon ab. Dominica sei so zerst\u00f6rt, dass die Menschen dort noch keine Touristen haben wollten. Nun, wir werden sehen. Gerade Dominica, die Isle of Nature, steht ganz oben auf meiner Wunschliste.<\/p>\n<div id=\"attachment_1780\" style=\"width: 1042px\" class=\"wp-caption alignnone\"><a href=\"https:\/\/i0.wp.com\/avalon693.de\/wp-content\/uploads\/2018\/02\/20180202_142054.jpg?ssl=1\"><img data-recalc-dims=\"1\" loading=\"lazy\" decoding=\"async\" aria-describedby=\"caption-attachment-1780\" class=\"wp-image-1780 size-full\" src=\"https:\/\/i0.wp.com\/avalon693.de\/wp-content\/uploads\/2018\/02\/20180202_142054.jpg?resize=700%2C525&#038;ssl=1\" alt=\"\" width=\"700\" height=\"525\" srcset=\"https:\/\/i0.wp.com\/avalon693.de\/wp-content\/uploads\/2018\/02\/20180202_142054.jpg?w=1032&amp;ssl=1 1032w, https:\/\/i0.wp.com\/avalon693.de\/wp-content\/uploads\/2018\/02\/20180202_142054.jpg?resize=300%2C225&amp;ssl=1 300w, https:\/\/i0.wp.com\/avalon693.de\/wp-content\/uploads\/2018\/02\/20180202_142054.jpg?resize=768%2C576&amp;ssl=1 768w, https:\/\/i0.wp.com\/avalon693.de\/wp-content\/uploads\/2018\/02\/20180202_142054.jpg?resize=1024%2C768&amp;ssl=1 1024w\" sizes=\"auto, (max-width: 700px) 100vw, 700px\" \/><\/a><p id=\"caption-attachment-1780\" class=\"wp-caption-text\">Der Liegeplatz von Avalon. Rechts im Hintergrund das satte Gr\u00fcn sind Mangroven, dort beginnen die S\u00fcmpfe<\/p><\/div>\n<div id=\"attachment_1781\" style=\"width: 1042px\" class=\"wp-caption alignnone\"><a href=\"https:\/\/i0.wp.com\/avalon693.de\/wp-content\/uploads\/2018\/02\/20180202_142134.jpg?ssl=1\"><img data-recalc-dims=\"1\" loading=\"lazy\" decoding=\"async\" aria-describedby=\"caption-attachment-1781\" class=\"wp-image-1781 size-full\" src=\"https:\/\/i0.wp.com\/avalon693.de\/wp-content\/uploads\/2018\/02\/20180202_142134.jpg?resize=700%2C525&#038;ssl=1\" alt=\"\" width=\"700\" height=\"525\" srcset=\"https:\/\/i0.wp.com\/avalon693.de\/wp-content\/uploads\/2018\/02\/20180202_142134.jpg?w=1032&amp;ssl=1 1032w, https:\/\/i0.wp.com\/avalon693.de\/wp-content\/uploads\/2018\/02\/20180202_142134.jpg?resize=300%2C225&amp;ssl=1 300w, https:\/\/i0.wp.com\/avalon693.de\/wp-content\/uploads\/2018\/02\/20180202_142134.jpg?resize=768%2C576&amp;ssl=1 768w, https:\/\/i0.wp.com\/avalon693.de\/wp-content\/uploads\/2018\/02\/20180202_142134.jpg?resize=1024%2C768&amp;ssl=1 1024w\" sizes=\"auto, (max-width: 700px) 100vw, 700px\" \/><\/a><p id=\"caption-attachment-1781\" class=\"wp-caption-text\">Der gleiche Platz, andere Perspektive<\/p><\/div>\n<div id=\"attachment_1790\" style=\"width: 1010px\" class=\"wp-caption alignnone\"><a href=\"https:\/\/i0.wp.com\/avalon693.de\/wp-content\/uploads\/2018\/02\/P1040984.jpg?ssl=1\"><img data-recalc-dims=\"1\" loading=\"lazy\" decoding=\"async\" aria-describedby=\"caption-attachment-1790\" class=\"wp-image-1790 size-full\" src=\"https:\/\/i0.wp.com\/avalon693.de\/wp-content\/uploads\/2018\/02\/P1040984.jpg?resize=700%2C525&#038;ssl=1\" alt=\"\" width=\"700\" height=\"525\" srcset=\"https:\/\/i0.wp.com\/avalon693.de\/wp-content\/uploads\/2018\/02\/P1040984.jpg?w=1000&amp;ssl=1 1000w, https:\/\/i0.wp.com\/avalon693.de\/wp-content\/uploads\/2018\/02\/P1040984.jpg?resize=300%2C225&amp;ssl=1 300w, https:\/\/i0.wp.com\/avalon693.de\/wp-content\/uploads\/2018\/02\/P1040984.jpg?resize=768%2C576&amp;ssl=1 768w\" sizes=\"auto, (max-width: 700px) 100vw, 700px\" \/><\/a><p id=\"caption-attachment-1790\" class=\"wp-caption-text\">Das ganze noch mal bei Vollmond, der gerade im Osten aufgeht. Direkt unter dem Mond, hinter den Mangroven, liegt der Flugplatz von Fort de France<\/p><\/div>\n<p>Viel Zeit zu haben ist wirklich ein Geschenk und so mancher fragt sich bestimmt, was macht der Kerl da eigentlich den ganzen Tag? Nun, meist f\u00e4ngt ein Tag ja mit dem Fr\u00fchst\u00fcck an. Frischer Kaffee, eiskalte Mich \u00fcber das M\u00fcsli, lecker! Als n\u00e4chstes wird die Gegend erkundet, wobei das Erkunden eigentlich von einer App erledigt wird. Ich muss dann nur noch den angezeigten Weg, wohin auch immer, zu Fu\u00df zur\u00fcck legen. Heute geht&#8217;s zun\u00e4chst in die nahe gelegenen Mangroven S\u00fcmpfe, die den Yachthafen nach Norden und Osten begrenzen. Allerdings kann ich nicht direkt \u00fcbers Wasser dorthin spazieren, sondern muss einen geh\u00f6rigen Umweg \u00fcber Land machen.<\/p>\n<div id=\"attachment_1789\" style=\"width: 760px\" class=\"wp-caption alignnone\"><a href=\"https:\/\/i0.wp.com\/avalon693.de\/wp-content\/uploads\/2018\/02\/P1040975.jpg?ssl=1\"><img data-recalc-dims=\"1\" loading=\"lazy\" decoding=\"async\" aria-describedby=\"caption-attachment-1789\" class=\"wp-image-1789 size-full\" src=\"https:\/\/i0.wp.com\/avalon693.de\/wp-content\/uploads\/2018\/02\/P1040975.jpg?resize=700%2C933&#038;ssl=1\" alt=\"\" width=\"700\" height=\"933\" srcset=\"https:\/\/i0.wp.com\/avalon693.de\/wp-content\/uploads\/2018\/02\/P1040975.jpg?w=750&amp;ssl=1 750w, https:\/\/i0.wp.com\/avalon693.de\/wp-content\/uploads\/2018\/02\/P1040975.jpg?resize=225%2C300&amp;ssl=1 225w\" sizes=\"auto, (max-width: 700px) 100vw, 700px\" \/><\/a><p id=\"caption-attachment-1789\" class=\"wp-caption-text\">Ein Gecko. Diese flinken Kletterk\u00fcnstler und Weitspringer begeistern mich immer wieder<\/p><\/div>\n<p>Neben vielen Geckos sehe ich in den S\u00fcmpfen unterschiedliche Schmetterlinge und V\u00f6gel. Sogar ein Kolibri schwirrt vorbei. Leider habe ich bis auf Geckos nichts so richtig vor die Linse bekommen. Es ist zu dicht belaubt und die Tiere sind ziemlich scheu. F\u00fcr einen Termitenbau reicht es gerade noch, der kann nicht weglaufen.&nbsp;<\/p>\n<div id=\"attachment_1766\" style=\"width: 760px\" class=\"wp-caption alignnone\"><a href=\"https:\/\/i0.wp.com\/avalon693.de\/wp-content\/uploads\/2018\/02\/P1050061.jpg?ssl=1\"><img data-recalc-dims=\"1\" loading=\"lazy\" decoding=\"async\" aria-describedby=\"caption-attachment-1766\" class=\"wp-image-1766 size-full\" src=\"https:\/\/i0.wp.com\/avalon693.de\/wp-content\/uploads\/2018\/02\/P1050061.jpg?resize=700%2C933&#038;ssl=1\" alt=\"\" width=\"700\" height=\"933\" srcset=\"https:\/\/i0.wp.com\/avalon693.de\/wp-content\/uploads\/2018\/02\/P1050061.jpg?w=750&amp;ssl=1 750w, https:\/\/i0.wp.com\/avalon693.de\/wp-content\/uploads\/2018\/02\/P1050061.jpg?resize=225%2C300&amp;ssl=1 225w\" sizes=\"auto, (max-width: 700px) 100vw, 700px\" \/><\/a><p id=\"caption-attachment-1766\" class=\"wp-caption-text\">Termitenbau in den Mangroven<\/p><\/div>\n<p>Am Nachmittag gehe ich noch schnell zum nahegelegenen Supermarkt (ein Weg knapp 3 km). Auf dem Weg dorthin begegnet mir eine Besonderheit von Martinique &#8211; eine angekettete Kuh. Die Kette ist gerade so bemessen, das die Kuh den Stra\u00dfenrand soeben erreicht.<\/p>\n<p><a href=\"https:\/\/i0.wp.com\/avalon693.de\/wp-content\/uploads\/2018\/02\/20180127_155639.jpg?ssl=1\"><img data-recalc-dims=\"1\" loading=\"lazy\" decoding=\"async\" class=\"alignnone size-full wp-image-1779\" src=\"https:\/\/i0.wp.com\/avalon693.de\/wp-content\/uploads\/2018\/02\/20180127_155639.jpg?resize=700%2C525&#038;ssl=1\" alt=\"\" width=\"700\" height=\"525\" srcset=\"https:\/\/i0.wp.com\/avalon693.de\/wp-content\/uploads\/2018\/02\/20180127_155639.jpg?w=1032&amp;ssl=1 1032w, https:\/\/i0.wp.com\/avalon693.de\/wp-content\/uploads\/2018\/02\/20180127_155639.jpg?resize=300%2C225&amp;ssl=1 300w, https:\/\/i0.wp.com\/avalon693.de\/wp-content\/uploads\/2018\/02\/20180127_155639.jpg?resize=768%2C576&amp;ssl=1 768w, https:\/\/i0.wp.com\/avalon693.de\/wp-content\/uploads\/2018\/02\/20180127_155639.jpg?resize=1024%2C768&amp;ssl=1 1024w\" sizes=\"auto, (max-width: 700px) 100vw, 700px\" \/><\/a><\/p>\n<p>&nbsp;<\/p>\n<div id=\"attachment_1786\" style=\"width: 1042px\" class=\"wp-caption alignnone\"><a href=\"https:\/\/i0.wp.com\/avalon693.de\/wp-content\/uploads\/2018\/02\/20180212_113155.jpg?ssl=1\"><img data-recalc-dims=\"1\" loading=\"lazy\" decoding=\"async\" aria-describedby=\"caption-attachment-1786\" class=\"wp-image-1786 size-full\" src=\"https:\/\/i0.wp.com\/avalon693.de\/wp-content\/uploads\/2018\/02\/20180212_113155.jpg?resize=700%2C525&#038;ssl=1\" alt=\"\" width=\"700\" height=\"525\" srcset=\"https:\/\/i0.wp.com\/avalon693.de\/wp-content\/uploads\/2018\/02\/20180212_113155.jpg?w=1032&amp;ssl=1 1032w, https:\/\/i0.wp.com\/avalon693.de\/wp-content\/uploads\/2018\/02\/20180212_113155.jpg?resize=300%2C225&amp;ssl=1 300w, https:\/\/i0.wp.com\/avalon693.de\/wp-content\/uploads\/2018\/02\/20180212_113155.jpg?resize=768%2C576&amp;ssl=1 768w, https:\/\/i0.wp.com\/avalon693.de\/wp-content\/uploads\/2018\/02\/20180212_113155.jpg?resize=1024%2C768&amp;ssl=1 1024w\" sizes=\"auto, (max-width: 700px) 100vw, 700px\" \/><\/a><p id=\"caption-attachment-1786\" class=\"wp-caption-text\">In den n\u00e4chsten Tagen sehe ich noch mehr Vierbeiner dieser Art, hier ist es allerdings ein kr\u00e4ftiger Bulle<\/p><\/div>\n<div id=\"attachment_1783\" style=\"width: 1042px\" class=\"wp-caption alignnone\"><a href=\"https:\/\/i0.wp.com\/avalon693.de\/wp-content\/uploads\/2018\/02\/20180209_111517.jpg?ssl=1\"><img data-recalc-dims=\"1\" loading=\"lazy\" decoding=\"async\" aria-describedby=\"caption-attachment-1783\" class=\"wp-image-1783 size-full\" src=\"https:\/\/i0.wp.com\/avalon693.de\/wp-content\/uploads\/2018\/02\/20180209_111517.jpg?resize=700%2C525&#038;ssl=1\" alt=\"\" width=\"700\" height=\"525\" srcset=\"https:\/\/i0.wp.com\/avalon693.de\/wp-content\/uploads\/2018\/02\/20180209_111517.jpg?w=1032&amp;ssl=1 1032w, https:\/\/i0.wp.com\/avalon693.de\/wp-content\/uploads\/2018\/02\/20180209_111517.jpg?resize=300%2C225&amp;ssl=1 300w, https:\/\/i0.wp.com\/avalon693.de\/wp-content\/uploads\/2018\/02\/20180209_111517.jpg?resize=768%2C576&amp;ssl=1 768w, https:\/\/i0.wp.com\/avalon693.de\/wp-content\/uploads\/2018\/02\/20180209_111517.jpg?resize=1024%2C768&amp;ssl=1 1024w\" sizes=\"auto, (max-width: 700px) 100vw, 700px\" \/><\/a><p id=\"caption-attachment-1783\" class=\"wp-caption-text\">Einen Ochsen gibt&#8217;s auch noch, ob er m\u00fcde von dem Bier ist?<\/p><\/div>\n<p>Womit wir beim M\u00fcll w\u00e4ren. Herumliegender M\u00fcll ist in der Karibik scheinbar \u00fcberall ein Problem! Oder, anders herum, bei den meisten Menschen hier scheinbar eben nicht.<\/p>\n<div id=\"attachment_1782\" style=\"width: 1042px\" class=\"wp-caption alignnone\"><a href=\"https:\/\/i0.wp.com\/avalon693.de\/wp-content\/uploads\/2018\/02\/20180205_115309.jpg?ssl=1\"><img data-recalc-dims=\"1\" loading=\"lazy\" decoding=\"async\" aria-describedby=\"caption-attachment-1782\" class=\"wp-image-1782 size-full\" src=\"https:\/\/i0.wp.com\/avalon693.de\/wp-content\/uploads\/2018\/02\/20180205_115309.jpg?resize=700%2C525&#038;ssl=1\" alt=\"\" width=\"700\" height=\"525\" srcset=\"https:\/\/i0.wp.com\/avalon693.de\/wp-content\/uploads\/2018\/02\/20180205_115309.jpg?w=1032&amp;ssl=1 1032w, https:\/\/i0.wp.com\/avalon693.de\/wp-content\/uploads\/2018\/02\/20180205_115309.jpg?resize=300%2C225&amp;ssl=1 300w, https:\/\/i0.wp.com\/avalon693.de\/wp-content\/uploads\/2018\/02\/20180205_115309.jpg?resize=768%2C576&amp;ssl=1 768w, https:\/\/i0.wp.com\/avalon693.de\/wp-content\/uploads\/2018\/02\/20180205_115309.jpg?resize=1024%2C768&amp;ssl=1 1024w\" sizes=\"auto, (max-width: 700px) 100vw, 700px\" \/><\/a><p id=\"caption-attachment-1782\" class=\"wp-caption-text\">Eine wilde M\u00fcllkippe in Z&#8217;Abricots, unweit des Yachthafens. Hier bin ich \u00f6fter auf dem Weg zum Supermarkt entlang gegangen und konnte mehrmals sehen, wie M\u00fcll ungeniert &#8222;entsorgt&#8220; wurde<\/p><\/div>\n<p>Am n\u00e4chsten Tag gehe ich nach Fort de France. Bis zum Stadtzentrum sind es gut 6 km. Der Weg f\u00fchrt durch interessante Gegenden und Stadtteile. Hier ein kurzer Abriss in Bildern.<\/p>\n<div id=\"attachment_1791\" style=\"width: 1010px\" class=\"wp-caption alignnone\"><a href=\"https:\/\/i0.wp.com\/avalon693.de\/wp-content\/uploads\/2018\/02\/P1040996.jpg?ssl=1\"><img data-recalc-dims=\"1\" loading=\"lazy\" decoding=\"async\" aria-describedby=\"caption-attachment-1791\" class=\"wp-image-1791 size-full\" src=\"https:\/\/i0.wp.com\/avalon693.de\/wp-content\/uploads\/2018\/02\/P1040996.jpg?resize=700%2C525&#038;ssl=1\" alt=\"\" width=\"700\" height=\"525\" srcset=\"https:\/\/i0.wp.com\/avalon693.de\/wp-content\/uploads\/2018\/02\/P1040996.jpg?w=1000&amp;ssl=1 1000w, https:\/\/i0.wp.com\/avalon693.de\/wp-content\/uploads\/2018\/02\/P1040996.jpg?resize=300%2C225&amp;ssl=1 300w, https:\/\/i0.wp.com\/avalon693.de\/wp-content\/uploads\/2018\/02\/P1040996.jpg?resize=768%2C576&amp;ssl=1 768w\" sizes=\"auto, (max-width: 700px) 100vw, 700px\" \/><\/a><p id=\"caption-attachment-1791\" class=\"wp-caption-text\">Ein St\u00fcck Weg f\u00fchrt mich am Revi\u00e8re Monsieur entlang. Karibische Idylle am Rande der Hauptstadt. Hier stauen sich Bambusst\u00e4mme<\/p><\/div>\n<div id=\"attachment_1793\" style=\"width: 1010px\" class=\"wp-caption alignnone\"><a href=\"https:\/\/i0.wp.com\/avalon693.de\/wp-content\/uploads\/2018\/02\/P1050004.jpg?ssl=1\"><img data-recalc-dims=\"1\" loading=\"lazy\" decoding=\"async\" aria-describedby=\"caption-attachment-1793\" class=\"wp-image-1793 size-full\" src=\"https:\/\/i0.wp.com\/avalon693.de\/wp-content\/uploads\/2018\/02\/P1050004.jpg?resize=700%2C525&#038;ssl=1\" alt=\"\" width=\"700\" height=\"525\" srcset=\"https:\/\/i0.wp.com\/avalon693.de\/wp-content\/uploads\/2018\/02\/P1050004.jpg?w=1000&amp;ssl=1 1000w, https:\/\/i0.wp.com\/avalon693.de\/wp-content\/uploads\/2018\/02\/P1050004.jpg?resize=300%2C225&amp;ssl=1 300w, https:\/\/i0.wp.com\/avalon693.de\/wp-content\/uploads\/2018\/02\/P1050004.jpg?resize=768%2C576&amp;ssl=1 768w\" sizes=\"auto, (max-width: 700px) 100vw, 700px\" \/><\/a><p id=\"caption-attachment-1793\" class=\"wp-caption-text\">Alt und Neu. Geld frisst Idylle (oben und unten)<\/p><\/div>\n<p><a href=\"https:\/\/i0.wp.com\/avalon693.de\/wp-content\/uploads\/2018\/02\/P1050005.jpg?ssl=1\"><img data-recalc-dims=\"1\" loading=\"lazy\" decoding=\"async\" class=\"alignnone size-full wp-image-1794\" src=\"https:\/\/i0.wp.com\/avalon693.de\/wp-content\/uploads\/2018\/02\/P1050005.jpg?resize=700%2C525&#038;ssl=1\" alt=\"\" width=\"700\" height=\"525\" srcset=\"https:\/\/i0.wp.com\/avalon693.de\/wp-content\/uploads\/2018\/02\/P1050005.jpg?w=1000&amp;ssl=1 1000w, https:\/\/i0.wp.com\/avalon693.de\/wp-content\/uploads\/2018\/02\/P1050005.jpg?resize=300%2C225&amp;ssl=1 300w, https:\/\/i0.wp.com\/avalon693.de\/wp-content\/uploads\/2018\/02\/P1050005.jpg?resize=768%2C576&amp;ssl=1 768w\" sizes=\"auto, (max-width: 700px) 100vw, 700px\" \/><\/a><\/p>\n<p>&nbsp;<\/p>\n<div id=\"attachment_1756\" style=\"width: 1010px\" class=\"wp-caption alignnone\"><a href=\"https:\/\/i0.wp.com\/avalon693.de\/wp-content\/uploads\/2018\/02\/P1050025.jpg?ssl=1\"><img data-recalc-dims=\"1\" loading=\"lazy\" decoding=\"async\" aria-describedby=\"caption-attachment-1756\" class=\"wp-image-1756 size-full\" src=\"https:\/\/i0.wp.com\/avalon693.de\/wp-content\/uploads\/2018\/02\/P1050025.jpg?resize=700%2C525&#038;ssl=1\" alt=\"\" width=\"700\" height=\"525\" srcset=\"https:\/\/i0.wp.com\/avalon693.de\/wp-content\/uploads\/2018\/02\/P1050025.jpg?w=1000&amp;ssl=1 1000w, https:\/\/i0.wp.com\/avalon693.de\/wp-content\/uploads\/2018\/02\/P1050025.jpg?resize=300%2C225&amp;ssl=1 300w, https:\/\/i0.wp.com\/avalon693.de\/wp-content\/uploads\/2018\/02\/P1050025.jpg?resize=768%2C576&amp;ssl=1 768w\" sizes=\"auto, (max-width: 700px) 100vw, 700px\" \/><\/a><p id=\"caption-attachment-1756\" class=\"wp-caption-text\">Kurz vor der Flussm\u00fcndung entdecke ich diese kleine Privat-K\u00f6hlerei. Der kleine H\u00fcgel rechts ist gerade in Betrieb<\/p><\/div>\n<div id=\"attachment_1799\" style=\"width: 1010px\" class=\"wp-caption alignnone\"><a href=\"https:\/\/i0.wp.com\/avalon693.de\/wp-content\/uploads\/2018\/02\/P1050023.jpg?ssl=1\"><img data-recalc-dims=\"1\" loading=\"lazy\" decoding=\"async\" aria-describedby=\"caption-attachment-1799\" class=\"wp-image-1799 size-full\" src=\"https:\/\/i0.wp.com\/avalon693.de\/wp-content\/uploads\/2018\/02\/P1050023.jpg?resize=700%2C525&#038;ssl=1\" alt=\"\" width=\"700\" height=\"525\" srcset=\"https:\/\/i0.wp.com\/avalon693.de\/wp-content\/uploads\/2018\/02\/P1050023.jpg?w=1000&amp;ssl=1 1000w, https:\/\/i0.wp.com\/avalon693.de\/wp-content\/uploads\/2018\/02\/P1050023.jpg?resize=300%2C225&amp;ssl=1 300w, https:\/\/i0.wp.com\/avalon693.de\/wp-content\/uploads\/2018\/02\/P1050023.jpg?resize=768%2C576&amp;ssl=1 768w\" sizes=\"auto, (max-width: 700px) 100vw, 700px\" \/><\/a><p id=\"caption-attachment-1799\" class=\"wp-caption-text\">Die Flussm\u00fcndung<\/p><\/div>\n<div id=\"attachment_1755\" style=\"width: 1010px\" class=\"wp-caption alignnone\"><a href=\"https:\/\/i0.wp.com\/avalon693.de\/wp-content\/uploads\/2018\/02\/P1050024.jpg?ssl=1\"><img data-recalc-dims=\"1\" loading=\"lazy\" decoding=\"async\" aria-describedby=\"caption-attachment-1755\" class=\"wp-image-1755 size-full\" src=\"https:\/\/i0.wp.com\/avalon693.de\/wp-content\/uploads\/2018\/02\/P1050024.jpg?resize=700%2C525&#038;ssl=1\" alt=\"\" width=\"700\" height=\"525\" srcset=\"https:\/\/i0.wp.com\/avalon693.de\/wp-content\/uploads\/2018\/02\/P1050024.jpg?w=1000&amp;ssl=1 1000w, https:\/\/i0.wp.com\/avalon693.de\/wp-content\/uploads\/2018\/02\/P1050024.jpg?resize=300%2C225&amp;ssl=1 300w, https:\/\/i0.wp.com\/avalon693.de\/wp-content\/uploads\/2018\/02\/P1050024.jpg?resize=768%2C576&amp;ssl=1 768w\" sizes=\"auto, (max-width: 700px) 100vw, 700px\" \/><\/a><p id=\"caption-attachment-1755\" class=\"wp-caption-text\">Palmen, Baracken (bewohnt) und Containerhafen. Herangezoomt vom gleichen Standpunkt wie beim Bild dar\u00fcber<\/p><\/div>\n<div id=\"attachment_1757\" style=\"width: 1010px\" class=\"wp-caption alignnone\"><a href=\"https:\/\/i0.wp.com\/avalon693.de\/wp-content\/uploads\/2018\/02\/P1050028.jpg?ssl=1\"><img data-recalc-dims=\"1\" loading=\"lazy\" decoding=\"async\" aria-describedby=\"caption-attachment-1757\" class=\"wp-image-1757 size-full\" src=\"https:\/\/i0.wp.com\/avalon693.de\/wp-content\/uploads\/2018\/02\/P1050028.jpg?resize=700%2C525&#038;ssl=1\" alt=\"\" width=\"700\" height=\"525\" srcset=\"https:\/\/i0.wp.com\/avalon693.de\/wp-content\/uploads\/2018\/02\/P1050028.jpg?w=1000&amp;ssl=1 1000w, https:\/\/i0.wp.com\/avalon693.de\/wp-content\/uploads\/2018\/02\/P1050028.jpg?resize=300%2C225&amp;ssl=1 300w, https:\/\/i0.wp.com\/avalon693.de\/wp-content\/uploads\/2018\/02\/P1050028.jpg?resize=768%2C576&amp;ssl=1 768w\" sizes=\"auto, (max-width: 700px) 100vw, 700px\" \/><\/a><p id=\"caption-attachment-1757\" class=\"wp-caption-text\">Wieder der gleiche Standpunkt, noch mehr Zoom. Ein Jumbo Jet oder B747 im Landeanflug auf FDF<\/p><\/div>\n<p>Ich komme langsam in dichter bewohntes Gebiet. Links und rechts der Stra\u00dfe fressen&nbsp; angepflockte Ziegen alles was gr\u00fcn ist, H\u00fchner mit K\u00fcken wuseln durchs Unterholz und Hunde gibt&#8217;s reichlich. Ich habe den Eindruck, dass letztere mehr Angst vor den Menschen haben als umgekehrt. Mit dichter werdender Bebauung begegnen mir nat\u00fcrlich auch mehr Menschen und ich habe Hemmungen zu fotografieren. Die Gegend geh\u00f6rt sicher nicht zu den feinsten von Fort de France. Schrottreife Autos stehen \u00fcberall herum und blockieren Teile der Stra\u00dfe. Dazwischen wird repariert, \u00d6l auf die Stra\u00dfe abgelassen und Schrott in der Gosse entsorgt. Ich \u00fcbertreibe nicht! Dazwischen gibt&#8217;s viele kleine L\u00e4den, Imbissst\u00e4nde und Bars. Offensichtlich werden in dieser Gegend die Schrottkarren zusammen geschraubt, mit denen junge M\u00e4nner nachts durch die besseren Wohngebiete und in Yachthafenn\u00e4he herum fahren und mittels gesteuerter Fehlz\u00fcndungen ein ohrenbet\u00e4ubendes, stakkatoartiges Geballere erzeugen. Da steckt wohl eine Menge Frust drin&#8230;<br \/>\nJetzt muss ich noch einen ziemlich steilen H\u00fcgel hinauf und dann kann ich von oben auf den Hafen sehen. Un\u00fcbersehbar die allgegenw\u00e4rtigen Kreuzfahrtschiffe. Weiter geht&#8217;s in Richtung Terminal und ich entdecke Streetart, die mich in ihren Bann zieht.<\/p>\n<p><a href=\"https:\/\/i0.wp.com\/avalon693.de\/wp-content\/uploads\/2018\/02\/P1050009.jpg?ssl=1\"><img data-recalc-dims=\"1\" loading=\"lazy\" decoding=\"async\" class=\"alignnone size-full wp-image-1795\" src=\"https:\/\/i0.wp.com\/avalon693.de\/wp-content\/uploads\/2018\/02\/P1050009.jpg?resize=700%2C525&#038;ssl=1\" alt=\"\" width=\"700\" height=\"525\" srcset=\"https:\/\/i0.wp.com\/avalon693.de\/wp-content\/uploads\/2018\/02\/P1050009.jpg?w=1000&amp;ssl=1 1000w, https:\/\/i0.wp.com\/avalon693.de\/wp-content\/uploads\/2018\/02\/P1050009.jpg?resize=300%2C225&amp;ssl=1 300w, https:\/\/i0.wp.com\/avalon693.de\/wp-content\/uploads\/2018\/02\/P1050009.jpg?resize=768%2C576&amp;ssl=1 768w\" sizes=\"auto, (max-width: 700px) 100vw, 700px\" \/><\/a><\/p>\n<p><a href=\"https:\/\/i0.wp.com\/avalon693.de\/wp-content\/uploads\/2018\/02\/P1050010.jpg?ssl=1\"><img data-recalc-dims=\"1\" loading=\"lazy\" decoding=\"async\" class=\"alignnone size-full wp-image-1796\" src=\"https:\/\/i0.wp.com\/avalon693.de\/wp-content\/uploads\/2018\/02\/P1050010.jpg?resize=700%2C525&#038;ssl=1\" alt=\"\" width=\"700\" height=\"525\" srcset=\"https:\/\/i0.wp.com\/avalon693.de\/wp-content\/uploads\/2018\/02\/P1050010.jpg?w=1000&amp;ssl=1 1000w, https:\/\/i0.wp.com\/avalon693.de\/wp-content\/uploads\/2018\/02\/P1050010.jpg?resize=300%2C225&amp;ssl=1 300w, https:\/\/i0.wp.com\/avalon693.de\/wp-content\/uploads\/2018\/02\/P1050010.jpg?resize=768%2C576&amp;ssl=1 768w\" sizes=\"auto, (max-width: 700px) 100vw, 700px\" \/><\/a><\/p>\n<p><a href=\"https:\/\/i0.wp.com\/avalon693.de\/wp-content\/uploads\/2018\/02\/P1050013.jpg?ssl=1\"><img data-recalc-dims=\"1\" loading=\"lazy\" decoding=\"async\" class=\"alignnone size-full wp-image-1797\" src=\"https:\/\/i0.wp.com\/avalon693.de\/wp-content\/uploads\/2018\/02\/P1050013.jpg?resize=700%2C525&#038;ssl=1\" alt=\"\" width=\"700\" height=\"525\" srcset=\"https:\/\/i0.wp.com\/avalon693.de\/wp-content\/uploads\/2018\/02\/P1050013.jpg?w=1000&amp;ssl=1 1000w, https:\/\/i0.wp.com\/avalon693.de\/wp-content\/uploads\/2018\/02\/P1050013.jpg?resize=300%2C225&amp;ssl=1 300w, https:\/\/i0.wp.com\/avalon693.de\/wp-content\/uploads\/2018\/02\/P1050013.jpg?resize=768%2C576&amp;ssl=1 768w\" sizes=\"auto, (max-width: 700px) 100vw, 700px\" \/><\/a><\/p>\n<p><a href=\"https:\/\/i0.wp.com\/avalon693.de\/wp-content\/uploads\/2018\/02\/P1050014.jpg?ssl=1\"><img data-recalc-dims=\"1\" loading=\"lazy\" decoding=\"async\" class=\"alignnone size-full wp-image-1798\" src=\"https:\/\/i0.wp.com\/avalon693.de\/wp-content\/uploads\/2018\/02\/P1050014.jpg?resize=700%2C933&#038;ssl=1\" alt=\"\" width=\"700\" height=\"933\" srcset=\"https:\/\/i0.wp.com\/avalon693.de\/wp-content\/uploads\/2018\/02\/P1050014.jpg?w=750&amp;ssl=1 750w, https:\/\/i0.wp.com\/avalon693.de\/wp-content\/uploads\/2018\/02\/P1050014.jpg?resize=225%2C300&amp;ssl=1 225w\" sizes=\"auto, (max-width: 700px) 100vw, 700px\" \/><\/a><\/p>\n<p>Vielleicht fehlt den Bildern, herausgerissen aus ihrer Umgebung, die urspr\u00fcngliche Wirkung. Mich beeindruckt besonders das letzte Bild. Hier hat die Natur dem K\u00fcnstler Gras wachsen lassen, das den Entsetzten\/Weinenden scheinbar tr\u00f6sten will. Die Rispen der Gr\u00e4ser folgen streichelnd der Kinnlinie und einer Falte am Hals. Sch\u00f6ne Laune der Natur.<\/p>\n<p>Jetzt bin ich schon fast in der Stadtmitte und mich zieht&#8217;s nat\u00fcrlich erstmal Richtung Wasser. Zu meiner Linken liegt das Fort Saint Louis, an dessen Westseite der Ankerplatz f\u00fcr Yachten anschlie\u00dft.<\/p>\n<div id=\"attachment_1759\" style=\"width: 1010px\" class=\"wp-caption alignnone\"><a href=\"https:\/\/i0.wp.com\/avalon693.de\/wp-content\/uploads\/2018\/02\/P1050044.jpg?ssl=1\"><img data-recalc-dims=\"1\" loading=\"lazy\" decoding=\"async\" aria-describedby=\"caption-attachment-1759\" class=\"wp-image-1759 size-full\" src=\"https:\/\/i0.wp.com\/avalon693.de\/wp-content\/uploads\/2018\/02\/P1050044.jpg?resize=700%2C525&#038;ssl=1\" alt=\"\" width=\"700\" height=\"525\" srcset=\"https:\/\/i0.wp.com\/avalon693.de\/wp-content\/uploads\/2018\/02\/P1050044.jpg?w=1000&amp;ssl=1 1000w, https:\/\/i0.wp.com\/avalon693.de\/wp-content\/uploads\/2018\/02\/P1050044.jpg?resize=300%2C225&amp;ssl=1 300w, https:\/\/i0.wp.com\/avalon693.de\/wp-content\/uploads\/2018\/02\/P1050044.jpg?resize=768%2C576&amp;ssl=1 768w\" sizes=\"auto, (max-width: 700px) 100vw, 700px\" \/><\/a><p id=\"caption-attachment-1759\" class=\"wp-caption-text\">Fort Saint Louis dient aktuell immer noch als St\u00fctzpunkt f\u00fcr die franz\u00f6sische Marine. On Top weht die drapeau tricolore<\/p><\/div>\n<div id=\"attachment_1763\" style=\"width: 1010px\" class=\"wp-caption alignnone\"><a href=\"https:\/\/i0.wp.com\/avalon693.de\/wp-content\/uploads\/2018\/02\/P1050051.jpg?ssl=1\"><img data-recalc-dims=\"1\" loading=\"lazy\" decoding=\"async\" aria-describedby=\"caption-attachment-1763\" class=\"wp-image-1763 size-full\" src=\"https:\/\/i0.wp.com\/avalon693.de\/wp-content\/uploads\/2018\/02\/P1050051.jpg?resize=700%2C525&#038;ssl=1\" alt=\"\" width=\"700\" height=\"525\" srcset=\"https:\/\/i0.wp.com\/avalon693.de\/wp-content\/uploads\/2018\/02\/P1050051.jpg?w=1000&amp;ssl=1 1000w, https:\/\/i0.wp.com\/avalon693.de\/wp-content\/uploads\/2018\/02\/P1050051.jpg?resize=300%2C225&amp;ssl=1 300w, https:\/\/i0.wp.com\/avalon693.de\/wp-content\/uploads\/2018\/02\/P1050051.jpg?resize=768%2C576&amp;ssl=1 768w\" sizes=\"auto, (max-width: 700px) 100vw, 700px\" \/><\/a><p id=\"caption-attachment-1763\" class=\"wp-caption-text\">Der alte Eingang zum Fort mit Zugbr\u00fccke<\/p><\/div>\n<div id=\"attachment_1787\" style=\"width: 1042px\" class=\"wp-caption alignnone\"><a href=\"https:\/\/i0.wp.com\/avalon693.de\/wp-content\/uploads\/2018\/02\/20180213_134301.jpg?ssl=1\"><img data-recalc-dims=\"1\" loading=\"lazy\" decoding=\"async\" aria-describedby=\"caption-attachment-1787\" class=\"wp-image-1787 size-full\" src=\"https:\/\/i0.wp.com\/avalon693.de\/wp-content\/uploads\/2018\/02\/20180213_134301.jpg?resize=700%2C525&#038;ssl=1\" alt=\"\" width=\"700\" height=\"525\" srcset=\"https:\/\/i0.wp.com\/avalon693.de\/wp-content\/uploads\/2018\/02\/20180213_134301.jpg?w=1032&amp;ssl=1 1032w, https:\/\/i0.wp.com\/avalon693.de\/wp-content\/uploads\/2018\/02\/20180213_134301.jpg?resize=300%2C225&amp;ssl=1 300w, https:\/\/i0.wp.com\/avalon693.de\/wp-content\/uploads\/2018\/02\/20180213_134301.jpg?resize=768%2C576&amp;ssl=1 768w, https:\/\/i0.wp.com\/avalon693.de\/wp-content\/uploads\/2018\/02\/20180213_134301.jpg?resize=1024%2C768&amp;ssl=1 1024w\" sizes=\"auto, (max-width: 700px) 100vw, 700px\" \/><\/a><p id=\"caption-attachment-1787\" class=\"wp-caption-text\">Der Ankerplatz westlich des Forts<\/p><\/div>\n<p>Nach einem kurzen Rundgang durch die Stadt gehe ich wieder nach Hause. Ich m\u00f6chte im Hellen ankommen.<\/p>\n<p>Alle 2 Tage gehe ich zum Supermarkt. Das h\u00e4lt fit und l\u00e4sst den K\u00fchlschrank nicht leer werden. Mein neu entdeckter Weg f\u00fchrt mich an einer besonderen Siedlung vorbei. Auf der einen Seite ein Geb\u00fcsch, das den Stra\u00dfenl\u00e4rm einer nahen Hauptstra\u00dfe etwas mildert, und auf der anderen Seite ein Wellblechzaun, der weder Menschen noch dessen Blicke hindurch l\u00e4sst. Hinter diesem Zaun liegt die Siedlung. Erst als ich den Weg das zweite Mal gehe, f\u00e4llt mir ein Zugang auf, eine L\u00fccke im Zaun<\/p>\n<div id=\"attachment_1785\" style=\"width: 1042px\" class=\"wp-caption alignnone\"><a href=\"https:\/\/i0.wp.com\/avalon693.de\/wp-content\/uploads\/2018\/02\/20180212_112653.jpg?ssl=1\"><img data-recalc-dims=\"1\" loading=\"lazy\" decoding=\"async\" aria-describedby=\"caption-attachment-1785\" class=\"wp-image-1785 size-full\" src=\"https:\/\/i0.wp.com\/avalon693.de\/wp-content\/uploads\/2018\/02\/20180212_112653.jpg?resize=700%2C525&#038;ssl=1\" alt=\"\" width=\"700\" height=\"525\" srcset=\"https:\/\/i0.wp.com\/avalon693.de\/wp-content\/uploads\/2018\/02\/20180212_112653.jpg?w=1032&amp;ssl=1 1032w, https:\/\/i0.wp.com\/avalon693.de\/wp-content\/uploads\/2018\/02\/20180212_112653.jpg?resize=300%2C225&amp;ssl=1 300w, https:\/\/i0.wp.com\/avalon693.de\/wp-content\/uploads\/2018\/02\/20180212_112653.jpg?resize=768%2C576&amp;ssl=1 768w, https:\/\/i0.wp.com\/avalon693.de\/wp-content\/uploads\/2018\/02\/20180212_112653.jpg?resize=1024%2C768&amp;ssl=1 1024w\" sizes=\"auto, (max-width: 700px) 100vw, 700px\" \/><\/a><p id=\"caption-attachment-1785\" class=\"wp-caption-text\">Links im Bild kann man den Zugang erkennen<\/p><\/div>\n<div id=\"attachment_1784\" style=\"width: 1042px\" class=\"wp-caption alignnone\"><a href=\"https:\/\/i0.wp.com\/avalon693.de\/wp-content\/uploads\/2018\/02\/20180212_112604.jpg?ssl=1\"><img data-recalc-dims=\"1\" loading=\"lazy\" decoding=\"async\" aria-describedby=\"caption-attachment-1784\" class=\"wp-image-1784 size-full\" src=\"https:\/\/i0.wp.com\/avalon693.de\/wp-content\/uploads\/2018\/02\/20180212_112604.jpg?resize=700%2C525&#038;ssl=1\" alt=\"\" width=\"700\" height=\"525\" srcset=\"https:\/\/i0.wp.com\/avalon693.de\/wp-content\/uploads\/2018\/02\/20180212_112604.jpg?w=1032&amp;ssl=1 1032w, https:\/\/i0.wp.com\/avalon693.de\/wp-content\/uploads\/2018\/02\/20180212_112604.jpg?resize=300%2C225&amp;ssl=1 300w, https:\/\/i0.wp.com\/avalon693.de\/wp-content\/uploads\/2018\/02\/20180212_112604.jpg?resize=768%2C576&amp;ssl=1 768w, https:\/\/i0.wp.com\/avalon693.de\/wp-content\/uploads\/2018\/02\/20180212_112604.jpg?resize=1024%2C768&amp;ssl=1 1024w\" sizes=\"auto, (max-width: 700px) 100vw, 700px\" \/><\/a><p id=\"caption-attachment-1784\" class=\"wp-caption-text\">Gleich nach dem Durchgang geht es ziemlich steil hinunter. Rechts und links, inmitten einer \u00fcppigen Wegetation, schmiegen sich Wellblechh\u00fctten an den Hang. Gegen\u00fcber des Hangs im Gegenlicht sind moderne H\u00e4user zu sehen, die im krassen Gegensatz zu diesen H\u00fctten stehen. Ich komme mir wie ein Eindringling vor und mache mich schnell wieder davon.<\/p><\/div>\n<p>Die Tage vergehen wie im Flug. Neben meinen ausgedehnten Wanderungen lese ich sehr viel. Bis jetzt habe ich schon acht oder neun B\u00fccher, darunter zwei dicke W\u00e4lzer, gelesen. Ein Buch lese ich mit besonderem Interesse. Es ist eine dokumentarische Aufarbeitung der Reise des Kapit\u00e4n Bligh, die schlie\u00dflich in der allseits bekannten Meuterei auf seiner Bounty endete. Der Grund dieser Reise war letztlich die Schaffung einer billigen Nahrungsquelle f\u00fcr die Sklaven in der Karibik. Bligh sollte Setzlinge des Brotfruchtbaums dorthin schaffen. Zun\u00e4chst verhinderte die Meuterei dieses Vorhaben, aber einige Jahre sp\u00e4ter gelang es ihm. Die Brotfruchtb\u00e4ume aus dem S\u00fcdseeraum gedeihen pr\u00e4chtig in der Karibik und hier ist ein Exemplar davon.<\/p>\n<div id=\"attachment_1809\" style=\"width: 1010px\" class=\"wp-caption alignnone\"><a href=\"https:\/\/i0.wp.com\/avalon693.de\/wp-content\/uploads\/2018\/03\/P1050019.jpg?ssl=1\"><img data-recalc-dims=\"1\" loading=\"lazy\" decoding=\"async\" aria-describedby=\"caption-attachment-1809\" class=\"wp-image-1809 size-full\" src=\"https:\/\/i0.wp.com\/avalon693.de\/wp-content\/uploads\/2018\/03\/P1050019.jpg?resize=700%2C525&#038;ssl=1\" alt=\"\" width=\"700\" height=\"525\" srcset=\"https:\/\/i0.wp.com\/avalon693.de\/wp-content\/uploads\/2018\/03\/P1050019.jpg?w=1000&amp;ssl=1 1000w, https:\/\/i0.wp.com\/avalon693.de\/wp-content\/uploads\/2018\/03\/P1050019.jpg?resize=300%2C225&amp;ssl=1 300w, https:\/\/i0.wp.com\/avalon693.de\/wp-content\/uploads\/2018\/03\/P1050019.jpg?resize=768%2C576&amp;ssl=1 768w\" sizes=\"auto, (max-width: 700px) 100vw, 700px\" \/><\/a><p id=\"caption-attachment-1809\" class=\"wp-caption-text\">Dieser Brotfruchtbaum w\u00e4chst in einem Randbezirk von Fort de France. Oben links kann man gut die Fr\u00fcchte erkennen<\/p><\/div>\n<p>Am Dienstag, den 14.02.2018, mache ich mich noch einmal auf nach Fort de France. Es ist Karneval Dienstag und hier der &#8222;wichtigste&#8220; Tag, nicht wie bei uns der Rosenmontag. Die Stadt ist im Ausnahmezustand. Der Innenstadtbereich ist komplett abgesperrt und ich muss durch eine Sicherheitskontrolle, wo auch der Rucksack durchsucht wird. Ich finde es in Ordnung. Wie sonst soll man sich gegen Terror sch\u00fctzen, es zumindest versuchen!<\/p>\n<p>Hier ein paar Eindr\u00fccke vom bunten Treiben.<\/p>\n<p><a href=\"https:\/\/i0.wp.com\/avalon693.de\/wp-content\/uploads\/2018\/02\/P1050048.jpg?ssl=1\"><img data-recalc-dims=\"1\" loading=\"lazy\" decoding=\"async\" class=\"alignnone size-full wp-image-1760\" src=\"https:\/\/i0.wp.com\/avalon693.de\/wp-content\/uploads\/2018\/02\/P1050048.jpg?resize=700%2C525&#038;ssl=1\" alt=\"\" width=\"700\" height=\"525\" srcset=\"https:\/\/i0.wp.com\/avalon693.de\/wp-content\/uploads\/2018\/02\/P1050048.jpg?w=1000&amp;ssl=1 1000w, https:\/\/i0.wp.com\/avalon693.de\/wp-content\/uploads\/2018\/02\/P1050048.jpg?resize=300%2C225&amp;ssl=1 300w, https:\/\/i0.wp.com\/avalon693.de\/wp-content\/uploads\/2018\/02\/P1050048.jpg?resize=768%2C576&amp;ssl=1 768w\" sizes=\"auto, (max-width: 700px) 100vw, 700px\" \/><\/a><\/p>\n<p>&nbsp;<\/p>\n<div id=\"attachment_1761\" style=\"width: 1010px\" class=\"wp-caption alignnone\"><a href=\"https:\/\/i0.wp.com\/avalon693.de\/wp-content\/uploads\/2018\/02\/P1050049.jpg?ssl=1\"><img data-recalc-dims=\"1\" loading=\"lazy\" decoding=\"async\" aria-describedby=\"caption-attachment-1761\" class=\"wp-image-1761 size-full\" src=\"https:\/\/i0.wp.com\/avalon693.de\/wp-content\/uploads\/2018\/02\/P1050049.jpg?resize=700%2C525&#038;ssl=1\" alt=\"\" width=\"700\" height=\"525\" srcset=\"https:\/\/i0.wp.com\/avalon693.de\/wp-content\/uploads\/2018\/02\/P1050049.jpg?w=1000&amp;ssl=1 1000w, https:\/\/i0.wp.com\/avalon693.de\/wp-content\/uploads\/2018\/02\/P1050049.jpg?resize=300%2C225&amp;ssl=1 300w, https:\/\/i0.wp.com\/avalon693.de\/wp-content\/uploads\/2018\/02\/P1050049.jpg?resize=768%2C576&amp;ssl=1 768w\" sizes=\"auto, (max-width: 700px) 100vw, 700px\" \/><\/a><p id=\"caption-attachment-1761\" class=\"wp-caption-text\">Die Zuschauer positionieren sich schon jetzt f\u00fcr den gro\u00dfen Umzug. Das allgegenw\u00e4rtige Rot scheint auf Martinique die Farbe des Karnevals zu sein<\/p><\/div>\n<p>&nbsp;<\/p>\n<div id=\"attachment_1762\" style=\"width: 1010px\" class=\"wp-caption alignnone\"><a href=\"https:\/\/i0.wp.com\/avalon693.de\/wp-content\/uploads\/2018\/02\/P1050050.jpg?ssl=1\"><img data-recalc-dims=\"1\" loading=\"lazy\" decoding=\"async\" aria-describedby=\"caption-attachment-1762\" class=\"wp-image-1762 size-full\" src=\"https:\/\/i0.wp.com\/avalon693.de\/wp-content\/uploads\/2018\/02\/P1050050.jpg?resize=700%2C525&#038;ssl=1\" alt=\"\" width=\"700\" height=\"525\" srcset=\"https:\/\/i0.wp.com\/avalon693.de\/wp-content\/uploads\/2018\/02\/P1050050.jpg?w=1000&amp;ssl=1 1000w, https:\/\/i0.wp.com\/avalon693.de\/wp-content\/uploads\/2018\/02\/P1050050.jpg?resize=300%2C225&amp;ssl=1 300w, https:\/\/i0.wp.com\/avalon693.de\/wp-content\/uploads\/2018\/02\/P1050050.jpg?resize=768%2C576&amp;ssl=1 768w\" sizes=\"auto, (max-width: 700px) 100vw, 700px\" \/><\/a><p id=\"caption-attachment-1762\" class=\"wp-caption-text\">Mit diesen Autos fahren die Besitzer nicht nur zum Karneval. Dies ist eins der Autos mit einem langen Rohr (ohne Schalld\u00e4mpfer) als Auspuff, mit denen die Besitzer nachts &#8222;herumballern&#8220;<\/p><\/div>\n<p>&nbsp;<\/p>\n<div id=\"attachment_1764\" style=\"width: 1010px\" class=\"wp-caption alignnone\"><a href=\"https:\/\/i0.wp.com\/avalon693.de\/wp-content\/uploads\/2018\/02\/P1050053.jpg?ssl=1\"><img data-recalc-dims=\"1\" loading=\"lazy\" decoding=\"async\" aria-describedby=\"caption-attachment-1764\" class=\"wp-image-1764 size-full\" src=\"https:\/\/i0.wp.com\/avalon693.de\/wp-content\/uploads\/2018\/02\/P1050053.jpg?resize=700%2C525&#038;ssl=1\" alt=\"\" width=\"700\" height=\"525\" srcset=\"https:\/\/i0.wp.com\/avalon693.de\/wp-content\/uploads\/2018\/02\/P1050053.jpg?w=1000&amp;ssl=1 1000w, https:\/\/i0.wp.com\/avalon693.de\/wp-content\/uploads\/2018\/02\/P1050053.jpg?resize=300%2C225&amp;ssl=1 300w, https:\/\/i0.wp.com\/avalon693.de\/wp-content\/uploads\/2018\/02\/P1050053.jpg?resize=768%2C576&amp;ssl=1 768w\" sizes=\"auto, (max-width: 700px) 100vw, 700px\" \/><\/a><p id=\"caption-attachment-1764\" class=\"wp-caption-text\">&#8230;und noch ein paar dieser Autos mit ihren Besitzern. Es gibt also reichlich davon und man behelligt sie scheinbar nicht. Vielleicht gibt`s ja zu Karneval eine Art Waffenstillstand mit der Polizei, die hier durchaus pr\u00e4sent ist.<\/p><\/div>\n<div id=\"attachment_1765\" style=\"width: 1010px\" class=\"wp-caption alignnone\"><a href=\"https:\/\/i0.wp.com\/avalon693.de\/wp-content\/uploads\/2018\/02\/P1050058.jpg?ssl=1\"><img data-recalc-dims=\"1\" loading=\"lazy\" decoding=\"async\" aria-describedby=\"caption-attachment-1765\" class=\"wp-image-1765 size-full\" src=\"https:\/\/i0.wp.com\/avalon693.de\/wp-content\/uploads\/2018\/02\/P1050058.jpg?resize=700%2C525&#038;ssl=1\" alt=\"\" width=\"700\" height=\"525\" srcset=\"https:\/\/i0.wp.com\/avalon693.de\/wp-content\/uploads\/2018\/02\/P1050058.jpg?w=1000&amp;ssl=1 1000w, https:\/\/i0.wp.com\/avalon693.de\/wp-content\/uploads\/2018\/02\/P1050058.jpg?resize=300%2C225&amp;ssl=1 300w, https:\/\/i0.wp.com\/avalon693.de\/wp-content\/uploads\/2018\/02\/P1050058.jpg?resize=768%2C576&amp;ssl=1 768w\" sizes=\"auto, (max-width: 700px) 100vw, 700px\" \/><\/a><p id=\"caption-attachment-1765\" class=\"wp-caption-text\">Eine Frauengruppe mit kunstvollem Kopfschmuck wartet auf den Beginn des Umzugs<\/p><\/div>\n<p>Ich warte jedoch nicht mehr. Die Sonne neigt sich schon zum Horizont, wie man auf dem Bild oben gut an den Schatten erkennen kann. Sie sind schon recht lang und es ist Zeit, dass ich mich auf den Weg zur\u00fcck mache. Es wird fr\u00fch und schnell dunkel in diesen Breiten. Schade, dass der Umzug so sp\u00e4t beginnt, aber ich nehme viele sch\u00f6ne Eindr\u00fccke mit, freue mich trotzdem, bald wieder an Bord zu sein!<\/p>\n<p>Wenn jetzt all jene, die sich die &#8218;was macht der den ganzen Tag&#8216;- Frage gestellt haben, eine Antwort gefunden haben, bitte sehr. Den anderen empfehle ich, noch einmal von vorne anzufangen \ud83d\ude42<\/p>\n<p>&nbsp;<\/p>\n<p>Do. 15.02.2018 &#8211;&nbsp; von Fort de France nach Saint Pierre<\/p>\n<p>09.30h Leinen los in Z&#8217;Abricots mit Ziel Saint Pierre &#8211; Ankerbucht. \u00d6stliche Winde um 6 Bft mit B\u00f6en um 7 Bft machen die Fahrt nicht gerade angenehm<\/p>\n<div id=\"attachment_1767\" style=\"width: 1010px\" class=\"wp-caption alignnone\"><a href=\"https:\/\/i0.wp.com\/avalon693.de\/wp-content\/uploads\/2018\/02\/P1050062.jpg?ssl=1\"><img data-recalc-dims=\"1\" loading=\"lazy\" decoding=\"async\" aria-describedby=\"caption-attachment-1767\" class=\"wp-image-1767 size-full\" src=\"https:\/\/i0.wp.com\/avalon693.de\/wp-content\/uploads\/2018\/02\/P1050062.jpg?resize=700%2C525&#038;ssl=1\" alt=\"\" width=\"700\" height=\"525\" srcset=\"https:\/\/i0.wp.com\/avalon693.de\/wp-content\/uploads\/2018\/02\/P1050062.jpg?w=1000&amp;ssl=1 1000w, https:\/\/i0.wp.com\/avalon693.de\/wp-content\/uploads\/2018\/02\/P1050062.jpg?resize=300%2C225&amp;ssl=1 300w, https:\/\/i0.wp.com\/avalon693.de\/wp-content\/uploads\/2018\/02\/P1050062.jpg?resize=768%2C576&amp;ssl=1 768w\" sizes=\"auto, (max-width: 700px) 100vw, 700px\" \/><\/a><p id=\"caption-attachment-1767\" class=\"wp-caption-text\">Fort Saint Louis vom Wasser aus gesehen<\/p><\/div>\n<div id=\"attachment_1768\" style=\"width: 1010px\" class=\"wp-caption alignnone\"><a href=\"https:\/\/i0.wp.com\/avalon693.de\/wp-content\/uploads\/2018\/02\/P1050065.jpg?ssl=1\"><img data-recalc-dims=\"1\" loading=\"lazy\" decoding=\"async\" aria-describedby=\"caption-attachment-1768\" class=\"wp-image-1768 size-full\" src=\"https:\/\/i0.wp.com\/avalon693.de\/wp-content\/uploads\/2018\/02\/P1050065.jpg?resize=700%2C525&#038;ssl=1\" alt=\"\" width=\"700\" height=\"525\" srcset=\"https:\/\/i0.wp.com\/avalon693.de\/wp-content\/uploads\/2018\/02\/P1050065.jpg?w=1000&amp;ssl=1 1000w, https:\/\/i0.wp.com\/avalon693.de\/wp-content\/uploads\/2018\/02\/P1050065.jpg?resize=300%2C225&amp;ssl=1 300w, https:\/\/i0.wp.com\/avalon693.de\/wp-content\/uploads\/2018\/02\/P1050065.jpg?resize=768%2C576&amp;ssl=1 768w\" sizes=\"auto, (max-width: 700px) 100vw, 700px\" \/><\/a><p id=\"caption-attachment-1768\" class=\"wp-caption-text\">Rechts von der Tonne das gro\u00dfe Ankerfeld, links davon liegt Fort de France, unsichtbar hinter dem riesigen Cruise Ship<\/p><\/div>\n<div id=\"attachment_1769\" style=\"width: 1010px\" class=\"wp-caption alignnone\"><a href=\"https:\/\/i0.wp.com\/avalon693.de\/wp-content\/uploads\/2018\/02\/P1050068.jpg?ssl=1\"><img data-recalc-dims=\"1\" loading=\"lazy\" decoding=\"async\" aria-describedby=\"caption-attachment-1769\" class=\"wp-image-1769 size-full\" src=\"https:\/\/i0.wp.com\/avalon693.de\/wp-content\/uploads\/2018\/02\/P1050068.jpg?resize=700%2C525&#038;ssl=1\" alt=\"\" width=\"700\" height=\"525\" srcset=\"https:\/\/i0.wp.com\/avalon693.de\/wp-content\/uploads\/2018\/02\/P1050068.jpg?w=1000&amp;ssl=1 1000w, https:\/\/i0.wp.com\/avalon693.de\/wp-content\/uploads\/2018\/02\/P1050068.jpg?resize=300%2C225&amp;ssl=1 300w, https:\/\/i0.wp.com\/avalon693.de\/wp-content\/uploads\/2018\/02\/P1050068.jpg?resize=768%2C576&amp;ssl=1 768w\" sizes=\"auto, (max-width: 700px) 100vw, 700px\" \/><\/a><p id=\"caption-attachment-1769\" class=\"wp-caption-text\">Noch einmal Fort de France aus etwas anderer Perspektive<\/p><\/div>\n<div id=\"attachment_1770\" style=\"width: 1010px\" class=\"wp-caption alignnone\"><a href=\"https:\/\/i0.wp.com\/avalon693.de\/wp-content\/uploads\/2018\/02\/P1050071.jpg?ssl=1\"><img data-recalc-dims=\"1\" loading=\"lazy\" decoding=\"async\" aria-describedby=\"caption-attachment-1770\" class=\"wp-image-1770 size-full\" src=\"https:\/\/i0.wp.com\/avalon693.de\/wp-content\/uploads\/2018\/02\/P1050071.jpg?resize=700%2C525&#038;ssl=1\" alt=\"\" width=\"700\" height=\"525\" srcset=\"https:\/\/i0.wp.com\/avalon693.de\/wp-content\/uploads\/2018\/02\/P1050071.jpg?w=1000&amp;ssl=1 1000w, https:\/\/i0.wp.com\/avalon693.de\/wp-content\/uploads\/2018\/02\/P1050071.jpg?resize=300%2C225&amp;ssl=1 300w, https:\/\/i0.wp.com\/avalon693.de\/wp-content\/uploads\/2018\/02\/P1050071.jpg?resize=768%2C576&amp;ssl=1 768w\" sizes=\"auto, (max-width: 700px) 100vw, 700px\" \/><\/a><p id=\"caption-attachment-1770\" class=\"wp-caption-text\">Saint Pierre liegt voraus, jetzt muss nur noch ein sch\u00f6ner Ankerplatz gefunden werden<\/p><\/div>\n<p>13.15h Der Ankerplatz ist bald gefunden. Etwas n\u00f6rdlich des Anlegers f\u00e4llt der Anker auf 6m Wassertiefe, ich stecke ca. 40m Kette und der neue Anker h\u00e4lt was er verspricht &#8211; er h\u00e4lt. Ein gutes Gef\u00fchl! Bald mache ich das Dingi klar und es geht an Land. Der Anleger ist hier gleichzeitig das Dingidock, man sollte nur aufpassen, dass man den gr\u00f6\u00dferen Schiffen nicht im Weg liegt. Das ist leichter gesagt als getan. Kein Mensch wei\u00df, welches Schiff\/Boot wann kommt und wo es anlegen will. Ich beschlie\u00dfe, mein Dingi nur anzubinden und nicht abzuschlie\u00dfen, damit man es ggf. verholen kann.<br \/>\nSt. Pierre gef\u00e4llt mir auf Anhieb gut. Direkt am Anleger befindet sich eine Art Markthalle, an die sich weitere Marktst\u00e4nde anschlie\u00dfen. Dazwischen immer wieder Bars und Restaurants, die alle einen guten Eindruck machen. Ich marschiere aber erstmal zum n\u00e4chstgelegenen Supermarkt. Mein Vorrat an K\u00fchlakkus geht langsam zur Neige und ich brauche dringend Nachschub.<br \/>\nAuf dem R\u00fcckweg mache ich Halt vor einem Stand, an dem es H\u00fcte zu kaufen gibt. Schon lange will ich mir einen Hut mit breiter Krempe besorgen, jetzt ist es endlich soweit. Hut und 15\u20ac wechseln den Besitzer und es geht zur\u00fcck zum Anleger.<br \/>\nDa, wo mein Dingi lag, liegt jetzt ein Ausflugsboot. Das Dingi liegt gut angebunden ein paar Meter weiter, alles kein Problem. Die Sonne geht bald unter und zum Sundowner will ich an Bord sein. Also rein ins Boot und los&#8230;<\/p>\n<div id=\"attachment_1771\" style=\"width: 1010px\" class=\"wp-caption alignnone\"><a href=\"https:\/\/i0.wp.com\/avalon693.de\/wp-content\/uploads\/2018\/02\/P1050079.jpg?ssl=1\"><img data-recalc-dims=\"1\" loading=\"lazy\" decoding=\"async\" aria-describedby=\"caption-attachment-1771\" class=\"wp-image-1771 size-full\" src=\"https:\/\/i0.wp.com\/avalon693.de\/wp-content\/uploads\/2018\/02\/P1050079.jpg?resize=700%2C525&#038;ssl=1\" alt=\"\" width=\"700\" height=\"525\" srcset=\"https:\/\/i0.wp.com\/avalon693.de\/wp-content\/uploads\/2018\/02\/P1050079.jpg?w=1000&amp;ssl=1 1000w, https:\/\/i0.wp.com\/avalon693.de\/wp-content\/uploads\/2018\/02\/P1050079.jpg?resize=300%2C225&amp;ssl=1 300w, https:\/\/i0.wp.com\/avalon693.de\/wp-content\/uploads\/2018\/02\/P1050079.jpg?resize=768%2C576&amp;ssl=1 768w\" sizes=\"auto, (max-width: 700px) 100vw, 700px\" \/><\/a><p id=\"caption-attachment-1771\" class=\"wp-caption-text\">Wie ihr seht, es hat geklappt. P\u00fcnktlich zum Sonnenuntergang bin ich an Bord. Rechts im Bild liegt &#8222;Tigger&#8220;, ein Kat aus den USA<\/p><\/div>\n<div id=\"attachment_1772\" style=\"width: 1010px\" class=\"wp-caption alignnone\"><a href=\"https:\/\/i0.wp.com\/avalon693.de\/wp-content\/uploads\/2018\/02\/P1050083.jpg?ssl=1\"><img data-recalc-dims=\"1\" loading=\"lazy\" decoding=\"async\" aria-describedby=\"caption-attachment-1772\" class=\"wp-image-1772 size-full\" src=\"https:\/\/i0.wp.com\/avalon693.de\/wp-content\/uploads\/2018\/02\/P1050083.jpg?resize=700%2C525&#038;ssl=1\" alt=\"\" width=\"700\" height=\"525\" srcset=\"https:\/\/i0.wp.com\/avalon693.de\/wp-content\/uploads\/2018\/02\/P1050083.jpg?w=1000&amp;ssl=1 1000w, https:\/\/i0.wp.com\/avalon693.de\/wp-content\/uploads\/2018\/02\/P1050083.jpg?resize=300%2C225&amp;ssl=1 300w, https:\/\/i0.wp.com\/avalon693.de\/wp-content\/uploads\/2018\/02\/P1050083.jpg?resize=768%2C576&amp;ssl=1 768w\" sizes=\"auto, (max-width: 700px) 100vw, 700px\" \/><\/a><p id=\"caption-attachment-1772\" class=\"wp-caption-text\">Nur Minuten nach dem Sonnenuntergang &#8211; Die Lichter von Saint Pierre zaubern eine faszinierende Stimmung aufs Wasser<\/p><\/div>\n<p>gefahrene Meilen: 15<\/p>\n<p>Freitag, 16.02.2016&nbsp; &#8211;&nbsp; Hafentag in Saint Pierre<\/p>\n<p>In den letzten Tagen habe ich oft dar\u00fcber nachgedacht, ob ich nicht doch nach Dominica fahre. Auf MarineTraffic sehe ich immer viele Boote in Portsmouth liegen. Und das sind ja nur die, die ein aktives AIS-Ger\u00e4t an Bord haben. Mein Entschluss steht inzwischen fest. Ich fahre hin, will mir selbst ein Bild machen. Da ich nicht wei\u00df wie die Versorgungslage dort ist, gehe ich heute noch einmal zum Supermarkt und decke mich soweit ein, dass ich mindestens eine Woche mit allem \u00fcber die Runden komme.<br \/>\nNachdem die Eink\u00e4ufe an Bord verstaut sind mache ich mich noch einmal auf und fahre an Land, um die n\u00e4here Umgebung von St. Pierre zu erkunden. Hier ein paar Eindr\u00fccke<\/p>\n<div id=\"attachment_1773\" style=\"width: 1010px\" class=\"wp-caption alignnone\"><a href=\"https:\/\/i0.wp.com\/avalon693.de\/wp-content\/uploads\/2018\/02\/P1050086.jpg?ssl=1\"><img data-recalc-dims=\"1\" loading=\"lazy\" decoding=\"async\" aria-describedby=\"caption-attachment-1773\" class=\"wp-image-1773 size-full\" src=\"https:\/\/i0.wp.com\/avalon693.de\/wp-content\/uploads\/2018\/02\/P1050086.jpg?resize=700%2C525&#038;ssl=1\" alt=\"\" width=\"700\" height=\"525\" srcset=\"https:\/\/i0.wp.com\/avalon693.de\/wp-content\/uploads\/2018\/02\/P1050086.jpg?w=1000&amp;ssl=1 1000w, https:\/\/i0.wp.com\/avalon693.de\/wp-content\/uploads\/2018\/02\/P1050086.jpg?resize=300%2C225&amp;ssl=1 300w, https:\/\/i0.wp.com\/avalon693.de\/wp-content\/uploads\/2018\/02\/P1050086.jpg?resize=768%2C576&amp;ssl=1 768w\" sizes=\"auto, (max-width: 700px) 100vw, 700px\" \/><\/a><p id=\"caption-attachment-1773\" class=\"wp-caption-text\">Die Karibik ist bunt. Diese Freude an den Farben macht auch nicht vor dem Friedhof halt. Hier geht&#8217;s genauso bunt zu.<\/p><\/div>\n<div id=\"attachment_1774\" style=\"width: 1010px\" class=\"wp-caption alignnone\"><a href=\"https:\/\/i0.wp.com\/avalon693.de\/wp-content\/uploads\/2018\/02\/P1050089.jpg?ssl=1\"><img data-recalc-dims=\"1\" loading=\"lazy\" decoding=\"async\" aria-describedby=\"caption-attachment-1774\" class=\"wp-image-1774 size-full\" src=\"https:\/\/i0.wp.com\/avalon693.de\/wp-content\/uploads\/2018\/02\/P1050089.jpg?resize=700%2C525&#038;ssl=1\" alt=\"\" width=\"700\" height=\"525\" srcset=\"https:\/\/i0.wp.com\/avalon693.de\/wp-content\/uploads\/2018\/02\/P1050089.jpg?w=1000&amp;ssl=1 1000w, https:\/\/i0.wp.com\/avalon693.de\/wp-content\/uploads\/2018\/02\/P1050089.jpg?resize=300%2C225&amp;ssl=1 300w, https:\/\/i0.wp.com\/avalon693.de\/wp-content\/uploads\/2018\/02\/P1050089.jpg?resize=768%2C576&amp;ssl=1 768w\" sizes=\"auto, (max-width: 700px) 100vw, 700px\" \/><\/a><p id=\"caption-attachment-1774\" class=\"wp-caption-text\">Avalon am Ankerplatz in Saint Pierre<\/p><\/div>\n<div id=\"attachment_1775\" style=\"width: 1010px\" class=\"wp-caption alignnone\"><a href=\"https:\/\/i0.wp.com\/avalon693.de\/wp-content\/uploads\/2018\/02\/P1050102.jpg?ssl=1\"><img data-recalc-dims=\"1\" loading=\"lazy\" decoding=\"async\" aria-describedby=\"caption-attachment-1775\" class=\"wp-image-1775 size-full\" src=\"https:\/\/i0.wp.com\/avalon693.de\/wp-content\/uploads\/2018\/02\/P1050102.jpg?resize=700%2C525&#038;ssl=1\" alt=\"\" width=\"700\" height=\"525\" srcset=\"https:\/\/i0.wp.com\/avalon693.de\/wp-content\/uploads\/2018\/02\/P1050102.jpg?w=1000&amp;ssl=1 1000w, https:\/\/i0.wp.com\/avalon693.de\/wp-content\/uploads\/2018\/02\/P1050102.jpg?resize=300%2C225&amp;ssl=1 300w, https:\/\/i0.wp.com\/avalon693.de\/wp-content\/uploads\/2018\/02\/P1050102.jpg?resize=768%2C576&amp;ssl=1 768w\" sizes=\"auto, (max-width: 700px) 100vw, 700px\" \/><\/a><p id=\"caption-attachment-1775\" class=\"wp-caption-text\">Grandioser Blick auf die Ankerbucht<\/p><\/div>\n<div id=\"attachment_1777\" style=\"width: 1010px\" class=\"wp-caption alignnone\"><a href=\"https:\/\/i0.wp.com\/avalon693.de\/wp-content\/uploads\/2018\/02\/P1050105.jpg?ssl=1\"><img data-recalc-dims=\"1\" loading=\"lazy\" decoding=\"async\" aria-describedby=\"caption-attachment-1777\" class=\"wp-image-1777 size-full\" src=\"https:\/\/i0.wp.com\/avalon693.de\/wp-content\/uploads\/2018\/02\/P1050105.jpg?resize=700%2C525&#038;ssl=1\" alt=\"\" width=\"700\" height=\"525\" srcset=\"https:\/\/i0.wp.com\/avalon693.de\/wp-content\/uploads\/2018\/02\/P1050105.jpg?w=1000&amp;ssl=1 1000w, https:\/\/i0.wp.com\/avalon693.de\/wp-content\/uploads\/2018\/02\/P1050105.jpg?resize=300%2C225&amp;ssl=1 300w, https:\/\/i0.wp.com\/avalon693.de\/wp-content\/uploads\/2018\/02\/P1050105.jpg?resize=768%2C576&amp;ssl=1 768w\" sizes=\"auto, (max-width: 700px) 100vw, 700px\" \/><\/a><p id=\"caption-attachment-1777\" class=\"wp-caption-text\">Etwas herangezoomt erkennt man Avalon gut an den drei Fendern. Ebenfalls gut zu erkennen ist das Dingi am Anleger &#8211; klein und rot<\/p><\/div>\n<div id=\"attachment_1778\" style=\"width: 1010px\" class=\"wp-caption alignnone\"><a href=\"https:\/\/i0.wp.com\/avalon693.de\/wp-content\/uploads\/2018\/02\/P1050107.jpg?ssl=1\"><img data-recalc-dims=\"1\" loading=\"lazy\" decoding=\"async\" aria-describedby=\"caption-attachment-1778\" class=\"wp-image-1778 size-full\" src=\"https:\/\/i0.wp.com\/avalon693.de\/wp-content\/uploads\/2018\/02\/P1050107.jpg?resize=700%2C525&#038;ssl=1\" alt=\"\" width=\"700\" height=\"525\" srcset=\"https:\/\/i0.wp.com\/avalon693.de\/wp-content\/uploads\/2018\/02\/P1050107.jpg?w=1000&amp;ssl=1 1000w, https:\/\/i0.wp.com\/avalon693.de\/wp-content\/uploads\/2018\/02\/P1050107.jpg?resize=300%2C225&amp;ssl=1 300w, https:\/\/i0.wp.com\/avalon693.de\/wp-content\/uploads\/2018\/02\/P1050107.jpg?resize=768%2C576&amp;ssl=1 768w\" sizes=\"auto, (max-width: 700px) 100vw, 700px\" \/><\/a><p id=\"caption-attachment-1778\" class=\"wp-caption-text\">Trecker unter Palmen &#8211; findet man garantiert auf keiner Postkarte<\/p><\/div>\n<p>Morgen werde ich weiterfahren und ich bin gespannt, was mich in Dominica erwartet. Es sind laut T\u00f6rnplan nur 54 Meilen (100 km), trotzdem wird es eine andere Welt sein. Wir seh&#8217;n uns in Dominica&#8230;<\/p>\n<p>&nbsp;<\/p>\n","protected":false},"excerpt":{"rendered":"<p>28.01. bis 14.02.2018 &#8211; Hafentage in der Marina Z&#8217;Abricots Heute ist der 28.01.2018 und es ist Tag 1 nach B\u00e4rbels Abreise.&nbsp; Zeit f\u00fcr Melancholie gibt es nicht, denn da ist schnell &#8217;ne Andere. Die Andere ist ganz von allein gekommen,&hellip; <\/p>\n","protected":false},"author":1,"featured_media":0,"comment_status":"open","ping_status":"closed","sticky":false,"template":"","format":"standard","meta":{"ngg_post_thumbnail":0,"jetpack_post_was_ever_published":false,"_jetpack_newsletter_access":"","_jetpack_dont_email_post_to_subs":false,"_jetpack_newsletter_tier_id":0,"_jetpack_memberships_contains_paywalled_content":false,"_jetpack_memberships_contains_paid_content":false,"footnotes":"","jetpack_publicize_message":"","jetpack_publicize_feature_enabled":true,"jetpack_social_post_already_shared":true,"jetpack_social_options":{"image_generator_settings":{"template":"highway","default_image_id":0,"font":"","enabled":false},"version":2}},"categories":[1],"tags":[],"class_list":["post-1800","post","type-post","status-publish","format-standard","hentry","category-allgemein"],"yoast_head":"<!-- This site is optimized with the Yoast SEO plugin v27.5 - https:\/\/yoast.com\/product\/yoast-seo-wordpress\/ -->\n<title>Ein Jahr lang Sommer - Von Fort de France nach Saint Pierre - SY &quot;AVALON&quot;<\/title>\n<meta name=\"robots\" content=\"index, follow, max-snippet:-1, max-image-preview:large, max-video-preview:-1\" \/>\n<link rel=\"canonical\" href=\"https:\/\/avalon693.de\/?p=1800\" \/>\n<meta property=\"og:locale\" content=\"de_DE\" \/>\n<meta property=\"og:type\" content=\"article\" \/>\n<meta property=\"og:title\" content=\"Ein Jahr lang Sommer - Von Fort de France nach Saint Pierre - SY &quot;AVALON&quot;\" \/>\n<meta property=\"og:description\" content=\"28.01. bis 14.02.2018 &#8211; Hafentage in der Marina Z&#8217;Abricots Heute ist der 28.01.2018 und es ist Tag 1 nach B\u00e4rbels Abreise.&nbsp; Zeit f\u00fcr Melancholie gibt es nicht, denn da ist schnell &#8217;ne Andere. Die Andere ist ganz von allein gekommen,&hellip;\" \/>\n<meta property=\"og:url\" content=\"https:\/\/avalon693.de\/?p=1800\" \/>\n<meta property=\"og:site_name\" content=\"SY &quot;AVALON&quot;\" \/>\n<meta property=\"article:published_time\" content=\"2018-03-03T02:38:58+00:00\" \/>\n<meta property=\"article:modified_time\" content=\"2018-11-29T12:32:54+00:00\" \/>\n<meta property=\"og:image\" content=\"https:\/\/avalon693.de\/wp-content\/uploads\/2018\/02\/P1040974.jpg\" \/>\n<meta name=\"author\" content=\"avalon693\" \/>\n<meta name=\"twitter:card\" content=\"summary_large_image\" \/>\n<meta name=\"twitter:label1\" content=\"Verfasst von\" \/>\n\t<meta name=\"twitter:data1\" content=\"avalon693\" \/>\n\t<meta name=\"twitter:label2\" content=\"Gesch\u00e4tzte Lesezeit\" \/>\n\t<meta name=\"twitter:data2\" content=\"13\u00a0Minuten\" \/>\n<script type=\"application\/ld+json\" class=\"yoast-schema-graph\">{\"@context\":\"https:\\\/\\\/schema.org\",\"@graph\":[{\"@type\":\"Article\",\"@id\":\"https:\\\/\\\/avalon693.de\\\/?p=1800#article\",\"isPartOf\":{\"@id\":\"https:\\\/\\\/avalon693.de\\\/?p=1800\"},\"author\":{\"name\":\"avalon693\",\"@id\":\"https:\\\/\\\/avalon693.de\\\/#\\\/schema\\\/person\\\/5f77f124e16b82c3adebaa06144e5bcb\"},\"headline\":\"Ein Jahr lang Sommer &#8211; Von Fort de France nach Saint Pierre\",\"datePublished\":\"2018-03-03T02:38:58+00:00\",\"dateModified\":\"2018-11-29T12:32:54+00:00\",\"mainEntityOfPage\":{\"@id\":\"https:\\\/\\\/avalon693.de\\\/?p=1800\"},\"wordCount\":2574,\"commentCount\":4,\"image\":{\"@id\":\"https:\\\/\\\/avalon693.de\\\/?p=1800#primaryimage\"},\"thumbnailUrl\":\"https:\\\/\\\/avalon693.de\\\/wp-content\\\/uploads\\\/2018\\\/02\\\/P1040974.jpg\",\"inLanguage\":\"de\",\"potentialAction\":[{\"@type\":\"CommentAction\",\"name\":\"Comment\",\"target\":[\"https:\\\/\\\/avalon693.de\\\/?p=1800#respond\"]}]},{\"@type\":\"WebPage\",\"@id\":\"https:\\\/\\\/avalon693.de\\\/?p=1800\",\"url\":\"https:\\\/\\\/avalon693.de\\\/?p=1800\",\"name\":\"Ein Jahr lang Sommer - Von Fort de France nach Saint Pierre - SY &quot;AVALON&quot;\",\"isPartOf\":{\"@id\":\"https:\\\/\\\/avalon693.de\\\/#website\"},\"primaryImageOfPage\":{\"@id\":\"https:\\\/\\\/avalon693.de\\\/?p=1800#primaryimage\"},\"image\":{\"@id\":\"https:\\\/\\\/avalon693.de\\\/?p=1800#primaryimage\"},\"thumbnailUrl\":\"https:\\\/\\\/avalon693.de\\\/wp-content\\\/uploads\\\/2018\\\/02\\\/P1040974.jpg\",\"datePublished\":\"2018-03-03T02:38:58+00:00\",\"dateModified\":\"2018-11-29T12:32:54+00:00\",\"author\":{\"@id\":\"https:\\\/\\\/avalon693.de\\\/#\\\/schema\\\/person\\\/5f77f124e16b82c3adebaa06144e5bcb\"},\"breadcrumb\":{\"@id\":\"https:\\\/\\\/avalon693.de\\\/?p=1800#breadcrumb\"},\"inLanguage\":\"de\",\"potentialAction\":[{\"@type\":\"ReadAction\",\"target\":[\"https:\\\/\\\/avalon693.de\\\/?p=1800\"]}]},{\"@type\":\"ImageObject\",\"inLanguage\":\"de\",\"@id\":\"https:\\\/\\\/avalon693.de\\\/?p=1800#primaryimage\",\"url\":\"https:\\\/\\\/i0.wp.com\\\/avalon693.de\\\/wp-content\\\/uploads\\\/2018\\\/02\\\/P1040974.jpg?fit=1000%2C750&ssl=1\",\"contentUrl\":\"https:\\\/\\\/i0.wp.com\\\/avalon693.de\\\/wp-content\\\/uploads\\\/2018\\\/02\\\/P1040974.jpg?fit=1000%2C750&ssl=1\",\"width\":1000,\"height\":750},{\"@type\":\"BreadcrumbList\",\"@id\":\"https:\\\/\\\/avalon693.de\\\/?p=1800#breadcrumb\",\"itemListElement\":[{\"@type\":\"ListItem\",\"position\":1,\"name\":\"Startseite\",\"item\":\"https:\\\/\\\/avalon693.de\\\/\"},{\"@type\":\"ListItem\",\"position\":2,\"name\":\"Ein Jahr lang Sommer &#8211; Von Fort de France nach Saint Pierre\"}]},{\"@type\":\"WebSite\",\"@id\":\"https:\\\/\\\/avalon693.de\\\/#website\",\"url\":\"https:\\\/\\\/avalon693.de\\\/\",\"name\":\"SY &quot;AVALON&quot;\",\"description\":\"Ein Online-Log-\\\/Fahrtenbuch der Avalon\",\"potentialAction\":[{\"@type\":\"SearchAction\",\"target\":{\"@type\":\"EntryPoint\",\"urlTemplate\":\"https:\\\/\\\/avalon693.de\\\/?s={search_term_string}\"},\"query-input\":{\"@type\":\"PropertyValueSpecification\",\"valueRequired\":true,\"valueName\":\"search_term_string\"}}],\"inLanguage\":\"de\"},{\"@type\":\"Person\",\"@id\":\"https:\\\/\\\/avalon693.de\\\/#\\\/schema\\\/person\\\/5f77f124e16b82c3adebaa06144e5bcb\",\"name\":\"avalon693\",\"sameAs\":[\"http:\\\/\\\/www.avalon693.de\"],\"url\":\"https:\\\/\\\/avalon693.de\\\/?author=1\"}]}<\/script>\n<!-- \/ Yoast SEO plugin. -->","yoast_head_json":{"title":"Ein Jahr lang Sommer - Von Fort de France nach Saint Pierre - SY &quot;AVALON&quot;","robots":{"index":"index","follow":"follow","max-snippet":"max-snippet:-1","max-image-preview":"max-image-preview:large","max-video-preview":"max-video-preview:-1"},"canonical":"https:\/\/avalon693.de\/?p=1800","og_locale":"de_DE","og_type":"article","og_title":"Ein Jahr lang Sommer - Von Fort de France nach Saint Pierre - SY &quot;AVALON&quot;","og_description":"28.01. bis 14.02.2018 &#8211; Hafentage in der Marina Z&#8217;Abricots Heute ist der 28.01.2018 und es ist Tag 1 nach B\u00e4rbels Abreise.&nbsp; Zeit f\u00fcr Melancholie gibt es nicht, denn da ist schnell &#8217;ne Andere. Die Andere ist ganz von allein gekommen,&hellip;","og_url":"https:\/\/avalon693.de\/?p=1800","og_site_name":"SY &quot;AVALON&quot;","article_published_time":"2018-03-03T02:38:58+00:00","article_modified_time":"2018-11-29T12:32:54+00:00","og_image":[{"url":"https:\/\/avalon693.de\/wp-content\/uploads\/2018\/02\/P1040974.jpg","type":"","width":"","height":""}],"author":"avalon693","twitter_card":"summary_large_image","twitter_misc":{"Verfasst von":"avalon693","Gesch\u00e4tzte Lesezeit":"13\u00a0Minuten"},"schema":{"@context":"https:\/\/schema.org","@graph":[{"@type":"Article","@id":"https:\/\/avalon693.de\/?p=1800#article","isPartOf":{"@id":"https:\/\/avalon693.de\/?p=1800"},"author":{"name":"avalon693","@id":"https:\/\/avalon693.de\/#\/schema\/person\/5f77f124e16b82c3adebaa06144e5bcb"},"headline":"Ein Jahr lang Sommer &#8211; Von Fort de France nach Saint Pierre","datePublished":"2018-03-03T02:38:58+00:00","dateModified":"2018-11-29T12:32:54+00:00","mainEntityOfPage":{"@id":"https:\/\/avalon693.de\/?p=1800"},"wordCount":2574,"commentCount":4,"image":{"@id":"https:\/\/avalon693.de\/?p=1800#primaryimage"},"thumbnailUrl":"https:\/\/avalon693.de\/wp-content\/uploads\/2018\/02\/P1040974.jpg","inLanguage":"de","potentialAction":[{"@type":"CommentAction","name":"Comment","target":["https:\/\/avalon693.de\/?p=1800#respond"]}]},{"@type":"WebPage","@id":"https:\/\/avalon693.de\/?p=1800","url":"https:\/\/avalon693.de\/?p=1800","name":"Ein Jahr lang Sommer - Von Fort de France nach Saint Pierre - SY &quot;AVALON&quot;","isPartOf":{"@id":"https:\/\/avalon693.de\/#website"},"primaryImageOfPage":{"@id":"https:\/\/avalon693.de\/?p=1800#primaryimage"},"image":{"@id":"https:\/\/avalon693.de\/?p=1800#primaryimage"},"thumbnailUrl":"https:\/\/avalon693.de\/wp-content\/uploads\/2018\/02\/P1040974.jpg","datePublished":"2018-03-03T02:38:58+00:00","dateModified":"2018-11-29T12:32:54+00:00","author":{"@id":"https:\/\/avalon693.de\/#\/schema\/person\/5f77f124e16b82c3adebaa06144e5bcb"},"breadcrumb":{"@id":"https:\/\/avalon693.de\/?p=1800#breadcrumb"},"inLanguage":"de","potentialAction":[{"@type":"ReadAction","target":["https:\/\/avalon693.de\/?p=1800"]}]},{"@type":"ImageObject","inLanguage":"de","@id":"https:\/\/avalon693.de\/?p=1800#primaryimage","url":"https:\/\/i0.wp.com\/avalon693.de\/wp-content\/uploads\/2018\/02\/P1040974.jpg?fit=1000%2C750&ssl=1","contentUrl":"https:\/\/i0.wp.com\/avalon693.de\/wp-content\/uploads\/2018\/02\/P1040974.jpg?fit=1000%2C750&ssl=1","width":1000,"height":750},{"@type":"BreadcrumbList","@id":"https:\/\/avalon693.de\/?p=1800#breadcrumb","itemListElement":[{"@type":"ListItem","position":1,"name":"Startseite","item":"https:\/\/avalon693.de\/"},{"@type":"ListItem","position":2,"name":"Ein Jahr lang Sommer &#8211; Von Fort de France nach Saint Pierre"}]},{"@type":"WebSite","@id":"https:\/\/avalon693.de\/#website","url":"https:\/\/avalon693.de\/","name":"SY &quot;AVALON&quot;","description":"Ein Online-Log-\/Fahrtenbuch der Avalon","potentialAction":[{"@type":"SearchAction","target":{"@type":"EntryPoint","urlTemplate":"https:\/\/avalon693.de\/?s={search_term_string}"},"query-input":{"@type":"PropertyValueSpecification","valueRequired":true,"valueName":"search_term_string"}}],"inLanguage":"de"},{"@type":"Person","@id":"https:\/\/avalon693.de\/#\/schema\/person\/5f77f124e16b82c3adebaa06144e5bcb","name":"avalon693","sameAs":["http:\/\/www.avalon693.de"],"url":"https:\/\/avalon693.de\/?author=1"}]}},"jetpack_publicize_connections":[],"jetpack_featured_media_url":"","jetpack_sharing_enabled":true,"jetpack_shortlink":"https:\/\/wp.me\/p5W3dN-t2","_links":{"self":[{"href":"https:\/\/avalon693.de\/index.php?rest_route=\/wp\/v2\/posts\/1800","targetHints":{"allow":["GET"]}}],"collection":[{"href":"https:\/\/avalon693.de\/index.php?rest_route=\/wp\/v2\/posts"}],"about":[{"href":"https:\/\/avalon693.de\/index.php?rest_route=\/wp\/v2\/types\/post"}],"author":[{"embeddable":true,"href":"https:\/\/avalon693.de\/index.php?rest_route=\/wp\/v2\/users\/1"}],"replies":[{"embeddable":true,"href":"https:\/\/avalon693.de\/index.php?rest_route=%2Fwp%2Fv2%2Fcomments&post=1800"}],"version-history":[{"count":13,"href":"https:\/\/avalon693.de\/index.php?rest_route=\/wp\/v2\/posts\/1800\/revisions"}],"predecessor-version":[{"id":2363,"href":"https:\/\/avalon693.de\/index.php?rest_route=\/wp\/v2\/posts\/1800\/revisions\/2363"}],"wp:attachment":[{"href":"https:\/\/avalon693.de\/index.php?rest_route=%2Fwp%2Fv2%2Fmedia&parent=1800"}],"wp:term":[{"taxonomy":"category","embeddable":true,"href":"https:\/\/avalon693.de\/index.php?rest_route=%2Fwp%2Fv2%2Fcategories&post=1800"},{"taxonomy":"post_tag","embeddable":true,"href":"https:\/\/avalon693.de\/index.php?rest_route=%2Fwp%2Fv2%2Ftags&post=1800"}],"curies":[{"name":"wp","href":"https:\/\/api.w.org\/{rel}","templated":true}]}}