{"id":1467,"date":"2018-01-09T15:56:12","date_gmt":"2018-01-09T14:56:12","guid":{"rendered":"http:\/\/avalon693.de\/?p=1467"},"modified":"2018-01-10T02:10:31","modified_gmt":"2018-01-10T01:10:31","slug":"ein-jahr-lang-sommer-zusammenfassung-atlantikueberquerung-vom-02-bis-22-12-2017","status":"publish","type":"post","link":"https:\/\/avalon693.de\/?p=1467","title":{"rendered":"Ein Jahr lang Sommer &#8211; Zusammenfassung Atlantik\u00fcberquerung vom 02. bis 22.12.2017"},"content":{"rendered":"<p>Mit dieser Zusammenfassung reiche ich einige pers\u00f6nliche Eindr\u00fccke und vor allem Bilder und Videos von der Atlantik\u00fcberquerung nach<\/p>\n<p>Abschied von Las Palmas<\/p>\n<div id=\"attachment_1489\" style=\"width: 1010px\" class=\"wp-caption alignnone\"><a href=\"https:\/\/i0.wp.com\/avalon693.de\/wp-content\/uploads\/2018\/01\/P1040617.jpg\"><img data-recalc-dims=\"1\" loading=\"lazy\" decoding=\"async\" aria-describedby=\"caption-attachment-1489\" class=\"size-full wp-image-1489\" src=\"https:\/\/i0.wp.com\/avalon693.de\/wp-content\/uploads\/2018\/01\/P1040617.jpg?resize=700%2C525\" alt=\"\" width=\"700\" height=\"525\" srcset=\"https:\/\/i0.wp.com\/avalon693.de\/wp-content\/uploads\/2018\/01\/P1040617.jpg?w=1000&amp;ssl=1 1000w, https:\/\/i0.wp.com\/avalon693.de\/wp-content\/uploads\/2018\/01\/P1040617.jpg?resize=300%2C225&amp;ssl=1 300w, https:\/\/i0.wp.com\/avalon693.de\/wp-content\/uploads\/2018\/01\/P1040617.jpg?resize=768%2C576&amp;ssl=1 768w\" sizes=\"auto, (max-width: 700px) 100vw, 700px\" \/><\/a><p id=\"caption-attachment-1489\" class=\"wp-caption-text\">Freunde von Lorenzo verabschieden uns vom Molenkopf . Da haben B\u00e4rbel und ich auch gestanden, als die Boote der ARC ausliefen<\/p><\/div>\n<p>Der Kurs f\u00fchrt zun\u00e4chst in s\u00fcdwestliche Richtung, folgt also der &#8222;klassischen&#8220; Strategie, sobald wie m\u00f6glich weiter s\u00fcdlich auf einen stabilen Passatwind zu treffen. Mich hat jedoch nicht diese klassische Strategie geleitet sondern die Vorhersagen von Windfinder und dem Wetterservice von Saildocs.com. Nach deren Vorhersagen herrscht auf dem direkten Kurs deutlich weniger Wind, so dass mir der Umweg von ca. 200 Meilen lohnend erscheint. Jimmy Cornell, eine der gro\u00dfen Langfahrt-Ikonen und Erfinder der Langfahrt-Ralleys, hat folgendes dazu geschrieben: <a href=\"http:\/\/www.blauwasser.de\/atlantikueberquerung\">http:\/\/www.blauwasser.de\/atlantikueberquerung<\/a><\/p>\n<p>Am s\u00fcdlichen Ende von Gran Canaria erwischt uns Rolf im schwindenden Licht mit seiner Kamera. Wir sind allerdings ein paar Meilen entfernt.<\/p>\n<div id=\"attachment_1546\" style=\"width: 1042px\" class=\"wp-caption alignnone\"><a href=\"https:\/\/i0.wp.com\/avalon693.de\/wp-content\/uploads\/2018\/01\/IMG-20171202-WA0006.jpg\"><img data-recalc-dims=\"1\" loading=\"lazy\" decoding=\"async\" aria-describedby=\"caption-attachment-1546\" class=\"wp-image-1546 size-full\" src=\"https:\/\/i0.wp.com\/avalon693.de\/wp-content\/uploads\/2018\/01\/IMG-20171202-WA0006.jpg?resize=700%2C394\" alt=\"\" width=\"700\" height=\"394\" srcset=\"https:\/\/i0.wp.com\/avalon693.de\/wp-content\/uploads\/2018\/01\/IMG-20171202-WA0006.jpg?w=1032&amp;ssl=1 1032w, https:\/\/i0.wp.com\/avalon693.de\/wp-content\/uploads\/2018\/01\/IMG-20171202-WA0006.jpg?resize=300%2C169&amp;ssl=1 300w, https:\/\/i0.wp.com\/avalon693.de\/wp-content\/uploads\/2018\/01\/IMG-20171202-WA0006.jpg?resize=768%2C432&amp;ssl=1 768w, https:\/\/i0.wp.com\/avalon693.de\/wp-content\/uploads\/2018\/01\/IMG-20171202-WA0006.jpg?resize=1024%2C576&amp;ssl=1 1024w\" sizes=\"auto, (max-width: 700px) 100vw, 700px\" \/><\/a><p id=\"caption-attachment-1546\" class=\"wp-caption-text\">Schemenhaft am Horizont zu sehen. Avalon auf dem Weg ins gro\u00dfe Abenteuer!<\/p><\/div>\n<p>Bald wird es zum ersten Mal auf diesem T\u00f6rn dunkel und wir essen zu Abend. Was? Pasta!! Danach \u00fcberlegen wir, wie wir die Nacht organisieren. Wir einigen uns auf eine 3-Stunden Wache. Nach dem Abendessen \u00fcbernehme ich die Wache bis 21.00h und Lorenzo \u00fcbernimmt die Wache von 21.00h bis 00.00h. Dann bin ich von 00.00h bis 03.00h dran und Lorenzo wieder von 03.00h bis 06.00h. Um 06.00h wird gemeinsam gefr\u00fchst\u00fcckt und danach erholt sich Lorenzo von seiner letzten Wache. Den hellen Tag \u00fcber gibt&#8217;s keine feste Wacheinteilung.<br \/>\nDiese Regelung bew\u00e4hrt sich so gut, dass wir sie w\u00e4hrend des gesamten T\u00f6rns \u00fcber den Atlantik beibehalten.<\/p>\n<p>Die n\u00e4chsten Tage folgen wir dem Wind parallel zur K\u00fcste Afrikas in Richtung westliche Kapverden. Hier ein Video vom 3.Tag.<\/p>\n<div style=\"width: 640px;\" class=\"wp-video\"><video class=\"wp-video-shortcode\" id=\"video-1467-1\" width=\"640\" height=\"480\" preload=\"metadata\" controls=\"controls\"><source type=\"video\/mp4\" src=\"http:\/\/avalon693.de\/wp-content\/uploads\/2018\/01\/20171204_0120_Rauschefahrt_Kurs_SW_Angeln_25.mp4?_=1\" \/><a href=\"http:\/\/avalon693.de\/wp-content\/uploads\/2018\/01\/20171204_0120_Rauschefahrt_Kurs_SW_Angeln_25.mp4\">http:\/\/avalon693.de\/wp-content\/uploads\/2018\/01\/20171204_0120_Rauschefahrt_Kurs_SW_Angeln_25.mp4<\/a><\/video><\/div>\n<p>&nbsp;<\/p>\n<p>Mittlerweile ist es Dienstag, der 05.12.2017. Es ist viel W\u00fcstensand in der Luft, alles scheint milchig.<\/p>\n<p>Auszug aus &#8222;Ein Jahr lang Sommer &#8211; von Gran Canaria nach Barbados&nbsp; 4.Tag<\/p>\n<p>Mittwoch 06.12.2017<\/p>\n<p>aktueller Wetterbericht sagte max. 20 Kn, wir haben bis 34 Kn!! So what, for sailors business as usual&#8230;.<br \/>\n00.30h Wind nimmt weiter zu, 6-7 Bft, 2. Reff ins Gro\u00df, Speed (SOG) 6,5-7,5 Kn, im Surf bis 9,5Kn (!) geil, 1022 hPa, hoffentlich f\u00e4llt Luftdruck nicht weiter, Wind ist genug<br \/>\n08.00h Wind immer noch NOO 6 Bft, keine 7er B\u00f6en mehr, See mittlerweile 3-4 m, manchmal &#8222;kleiner Einstieg&#8220; von hinten, m\u00fcssen aufpassen&#8230;&#8230;..&nbsp;<\/p>\n<p>Und hier das Video dazu:<\/p>\n<div style=\"width: 640px;\" class=\"wp-video\"><video class=\"wp-video-shortcode\" id=\"video-1467-2\" width=\"640\" height=\"480\" preload=\"metadata\" controls=\"controls\"><source type=\"video\/mp4\" src=\"http:\/\/avalon693.de\/wp-content\/uploads\/2018\/01\/20171206_0125_2.Reff_Genua_halb_Windpilot_12_25.mp4?_=2\" \/><a href=\"http:\/\/avalon693.de\/wp-content\/uploads\/2018\/01\/20171206_0125_2.Reff_Genua_halb_Windpilot_12_25.mp4\">http:\/\/avalon693.de\/wp-content\/uploads\/2018\/01\/20171206_0125_2.Reff_Genua_halb_Windpilot_12_25.mp4<\/a><\/video><\/div>\n<div id=\"attachment_1491\" style=\"width: 1010px\" class=\"wp-caption alignnone\"><a href=\"https:\/\/i0.wp.com\/avalon693.de\/wp-content\/uploads\/2018\/01\/P1040638.jpg\"><img data-recalc-dims=\"1\" loading=\"lazy\" decoding=\"async\" aria-describedby=\"caption-attachment-1491\" class=\"wp-image-1491 size-full\" src=\"https:\/\/i0.wp.com\/avalon693.de\/wp-content\/uploads\/2018\/01\/P1040638.jpg?resize=700%2C525\" alt=\"\" width=\"700\" height=\"525\" srcset=\"https:\/\/i0.wp.com\/avalon693.de\/wp-content\/uploads\/2018\/01\/P1040638.jpg?w=1000&amp;ssl=1 1000w, https:\/\/i0.wp.com\/avalon693.de\/wp-content\/uploads\/2018\/01\/P1040638.jpg?resize=300%2C225&amp;ssl=1 300w, https:\/\/i0.wp.com\/avalon693.de\/wp-content\/uploads\/2018\/01\/P1040638.jpg?resize=768%2C576&amp;ssl=1 768w\" sizes=\"auto, (max-width: 700px) 100vw, 700px\" \/><\/a><p id=\"caption-attachment-1491\" class=\"wp-caption-text\">Sonnenaufgang, ein neuer Tag bricht an, wir sind den 3. Tag auf See<\/p><\/div>\n<div id=\"attachment_1492\" style=\"width: 1010px\" class=\"wp-caption alignnone\"><a href=\"https:\/\/i0.wp.com\/avalon693.de\/wp-content\/uploads\/2018\/01\/P1040639.jpg\"><img data-recalc-dims=\"1\" loading=\"lazy\" decoding=\"async\" aria-describedby=\"caption-attachment-1492\" class=\"size-full wp-image-1492\" src=\"https:\/\/i0.wp.com\/avalon693.de\/wp-content\/uploads\/2018\/01\/P1040639.jpg?resize=700%2C525\" alt=\"\" width=\"700\" height=\"525\" srcset=\"https:\/\/i0.wp.com\/avalon693.de\/wp-content\/uploads\/2018\/01\/P1040639.jpg?w=1000&amp;ssl=1 1000w, https:\/\/i0.wp.com\/avalon693.de\/wp-content\/uploads\/2018\/01\/P1040639.jpg?resize=300%2C225&amp;ssl=1 300w, https:\/\/i0.wp.com\/avalon693.de\/wp-content\/uploads\/2018\/01\/P1040639.jpg?resize=768%2C576&amp;ssl=1 768w\" sizes=\"auto, (max-width: 700px) 100vw, 700px\" \/><\/a><p id=\"caption-attachment-1492\" class=\"wp-caption-text\">Lorenzo schreibt sein Tagebuch<\/p><\/div>\n<div id=\"attachment_1493\" style=\"width: 1010px\" class=\"wp-caption alignnone\"><a href=\"https:\/\/i0.wp.com\/avalon693.de\/wp-content\/uploads\/2018\/01\/P1040641.jpg\"><img data-recalc-dims=\"1\" loading=\"lazy\" decoding=\"async\" aria-describedby=\"caption-attachment-1493\" class=\"wp-image-1493 size-full\" src=\"https:\/\/i0.wp.com\/avalon693.de\/wp-content\/uploads\/2018\/01\/P1040641.jpg?resize=700%2C525\" alt=\"\" width=\"700\" height=\"525\" srcset=\"https:\/\/i0.wp.com\/avalon693.de\/wp-content\/uploads\/2018\/01\/P1040641.jpg?w=1000&amp;ssl=1 1000w, https:\/\/i0.wp.com\/avalon693.de\/wp-content\/uploads\/2018\/01\/P1040641.jpg?resize=300%2C225&amp;ssl=1 300w, https:\/\/i0.wp.com\/avalon693.de\/wp-content\/uploads\/2018\/01\/P1040641.jpg?resize=768%2C576&amp;ssl=1 768w\" sizes=\"auto, (max-width: 700px) 100vw, 700px\" \/><\/a><p id=\"caption-attachment-1493\" class=\"wp-caption-text\">Ich muss erst einmal wach werden, gleich gibt`s Kaffee<\/p><\/div>\n<p>Mittwoch, 06.12.2017. An diesem Tag &#8222;erfinde&#8220; ich unsere M\u00fcllentsorgung. Mit den 5-Liter Trinkwasser Flaschen haben wir DIE &#8222;M\u00fcllentsorgungseinheiten&#8220;! Es gibt nur ein Problem: Alles muss durch den Flaschenhals! Zun\u00e4chst h\u00e4mmern wir Dosen &amp; Co. klein, doch dann f\u00e4llt mir die Blechschere in meiner Werkzeugkiste ein, mit der wir den M\u00fcll &#8222;kurz und klein&#8220; schneiden. Die erste Flasche wird gef\u00fcllt:<\/p>\n<div id=\"attachment_1494\" style=\"width: 1010px\" class=\"wp-caption alignnone\"><a href=\"https:\/\/i0.wp.com\/avalon693.de\/wp-content\/uploads\/2018\/01\/P1040645.jpg\"><img data-recalc-dims=\"1\" loading=\"lazy\" decoding=\"async\" aria-describedby=\"caption-attachment-1494\" class=\"wp-image-1494 size-full\" src=\"https:\/\/i0.wp.com\/avalon693.de\/wp-content\/uploads\/2018\/01\/P1040645.jpg?resize=700%2C525\" alt=\"\" width=\"700\" height=\"525\" srcset=\"https:\/\/i0.wp.com\/avalon693.de\/wp-content\/uploads\/2018\/01\/P1040645.jpg?w=1000&amp;ssl=1 1000w, https:\/\/i0.wp.com\/avalon693.de\/wp-content\/uploads\/2018\/01\/P1040645.jpg?resize=300%2C225&amp;ssl=1 300w, https:\/\/i0.wp.com\/avalon693.de\/wp-content\/uploads\/2018\/01\/P1040645.jpg?resize=768%2C576&amp;ssl=1 768w\" sizes=\"auto, (max-width: 700px) 100vw, 700px\" \/><\/a><p id=\"caption-attachment-1494\" class=\"wp-caption-text\">M\u00fcllentsorgung auf der Avalon. Vorteile: geringer Platzbedarf, es riecht nicht, gut zu verstauen, Besch\u00e4ftigung f\u00fcr die Mannschaft \ud83d\ude42<\/p><\/div>\n<p>Freitag 08.12.2017, Szenen aus dem Bordleben<\/p>\n<p>Von nichts kommt nichts &#8211; &#8222;Essen h\u00e4lt Leib und Seele zusammen&#8220;, nirgends gilt dieser Spruch mehr als auf See! Lorenzo hatte etwas Pech mit der Milch beim Fr\u00fchst\u00fccks-M\u00fcslib\u00fcffet. Deshalb wehen im folgenden Video einige Textilien zum Trocknen im Wind.<\/p>\n<div style=\"width: 640px;\" class=\"wp-video\"><video class=\"wp-video-shortcode\" id=\"video-1467-3\" width=\"640\" height=\"480\" preload=\"metadata\" controls=\"controls\"><source type=\"video\/mp4\" src=\"http:\/\/avalon693.de\/wp-content\/uploads\/2018\/01\/20171207_0127_Mahlzeit_bei_5-6Bft_Schnitt_25.mp4?_=3\" \/><a href=\"http:\/\/avalon693.de\/wp-content\/uploads\/2018\/01\/20171207_0127_Mahlzeit_bei_5-6Bft_Schnitt_25.mp4\">http:\/\/avalon693.de\/wp-content\/uploads\/2018\/01\/20171207_0127_Mahlzeit_bei_5-6Bft_Schnitt_25.mp4<\/a><\/video><\/div>\n<p>Und so entsteht auch bei ordentlichem Seegang eine Pasta-Mahlzeit<\/p>\n<div style=\"width: 640px;\" class=\"wp-video\"><video class=\"wp-video-shortcode\" id=\"video-1467-4\" width=\"640\" height=\"480\" preload=\"metadata\" controls=\"controls\"><source type=\"video\/mp4\" src=\"http:\/\/avalon693.de\/wp-content\/uploads\/2018\/01\/20171211_0131_Kochen_im_Seegang_Schnitt_25.mp4?_=4\" \/><a href=\"http:\/\/avalon693.de\/wp-content\/uploads\/2018\/01\/20171211_0131_Kochen_im_Seegang_Schnitt_25.mp4\">http:\/\/avalon693.de\/wp-content\/uploads\/2018\/01\/20171211_0131_Kochen_im_Seegang_Schnitt_25.mp4<\/a><\/video><\/div>\n<p>&nbsp;<\/p>\n<p>Am Freitag den 08.12.2017 ist es endlich so weit. Eine farbenpr\u00e4chtige Goldmakrele hat angebissen und bald liegt sie in der Plicht.<\/p>\n<p><a href=\"https:\/\/i0.wp.com\/avalon693.de\/wp-content\/uploads\/2018\/01\/P1040649.jpg\"><img data-recalc-dims=\"1\" loading=\"lazy\" decoding=\"async\" class=\"wp-image-1495 size-full\" src=\"https:\/\/i0.wp.com\/avalon693.de\/wp-content\/uploads\/2018\/01\/P1040649.jpg?resize=700%2C525\" alt=\"\" width=\"700\" height=\"525\" srcset=\"https:\/\/i0.wp.com\/avalon693.de\/wp-content\/uploads\/2018\/01\/P1040649.jpg?w=1000&amp;ssl=1 1000w, https:\/\/i0.wp.com\/avalon693.de\/wp-content\/uploads\/2018\/01\/P1040649.jpg?resize=300%2C225&amp;ssl=1 300w, https:\/\/i0.wp.com\/avalon693.de\/wp-content\/uploads\/2018\/01\/P1040649.jpg?resize=768%2C576&amp;ssl=1 768w\" sizes=\"auto, (max-width: 700px) 100vw, 700px\" \/><\/a><\/p>\n<p>Da liegt sie, die Goldmakrele und es scheint, als gucke sie etwas grimmig<\/p>\n<div id=\"attachment_1496\" style=\"width: 1010px\" class=\"wp-caption alignnone\"><a href=\"https:\/\/i0.wp.com\/avalon693.de\/wp-content\/uploads\/2018\/01\/P1040651.jpg\"><img data-recalc-dims=\"1\" loading=\"lazy\" decoding=\"async\" aria-describedby=\"caption-attachment-1496\" class=\"size-full wp-image-1496\" src=\"https:\/\/i0.wp.com\/avalon693.de\/wp-content\/uploads\/2018\/01\/P1040651.jpg?resize=700%2C525\" alt=\"\" width=\"700\" height=\"525\" srcset=\"https:\/\/i0.wp.com\/avalon693.de\/wp-content\/uploads\/2018\/01\/P1040651.jpg?w=1000&amp;ssl=1 1000w, https:\/\/i0.wp.com\/avalon693.de\/wp-content\/uploads\/2018\/01\/P1040651.jpg?resize=300%2C225&amp;ssl=1 300w, https:\/\/i0.wp.com\/avalon693.de\/wp-content\/uploads\/2018\/01\/P1040651.jpg?resize=768%2C576&amp;ssl=1 768w\" sizes=\"auto, (max-width: 700px) 100vw, 700px\" \/><\/a><p id=\"caption-attachment-1496\" class=\"wp-caption-text\">Nach dem Fang der Goldmakrele muss die Angelschnur klariert werden, in der Aufregung hat sich &#8217;ne sch\u00f6ne Wuling ergeben<\/p><\/div>\n<p>Am Sonntag, den 10.12.2017 haben wir mehrere Stunden lang die Toilette repariert.<\/p>\n<div id=\"attachment_1498\" style=\"width: 1010px\" class=\"wp-caption alignnone\"><a href=\"https:\/\/i0.wp.com\/avalon693.de\/wp-content\/uploads\/2018\/01\/P1040658.jpg\"><img data-recalc-dims=\"1\" loading=\"lazy\" decoding=\"async\" aria-describedby=\"caption-attachment-1498\" class=\"wp-image-1498 size-full\" src=\"https:\/\/i0.wp.com\/avalon693.de\/wp-content\/uploads\/2018\/01\/P1040658.jpg?resize=700%2C525\" alt=\"\" width=\"700\" height=\"525\" srcset=\"https:\/\/i0.wp.com\/avalon693.de\/wp-content\/uploads\/2018\/01\/P1040658.jpg?w=1000&amp;ssl=1 1000w, https:\/\/i0.wp.com\/avalon693.de\/wp-content\/uploads\/2018\/01\/P1040658.jpg?resize=300%2C225&amp;ssl=1 300w, https:\/\/i0.wp.com\/avalon693.de\/wp-content\/uploads\/2018\/01\/P1040658.jpg?resize=768%2C576&amp;ssl=1 768w\" sizes=\"auto, (max-width: 700px) 100vw, 700px\" \/><\/a><p id=\"caption-attachment-1498\" class=\"wp-caption-text\">Mitten auf dem Atlantik, und die Klosch\u00fcssel steht in der Plicht. Sch\u00f6ne Sch&#8230;<\/p><\/div>\n<div id=\"attachment_1497\" style=\"width: 1010px\" class=\"wp-caption alignnone\"><a href=\"https:\/\/i0.wp.com\/avalon693.de\/wp-content\/uploads\/2018\/01\/P1040654.jpg\"><img data-recalc-dims=\"1\" loading=\"lazy\" decoding=\"async\" aria-describedby=\"caption-attachment-1497\" class=\"wp-image-1497 size-full\" src=\"https:\/\/i0.wp.com\/avalon693.de\/wp-content\/uploads\/2018\/01\/P1040654.jpg?resize=700%2C525\" alt=\"\" width=\"700\" height=\"525\" srcset=\"https:\/\/i0.wp.com\/avalon693.de\/wp-content\/uploads\/2018\/01\/P1040654.jpg?w=1000&amp;ssl=1 1000w, https:\/\/i0.wp.com\/avalon693.de\/wp-content\/uploads\/2018\/01\/P1040654.jpg?resize=300%2C225&amp;ssl=1 300w, https:\/\/i0.wp.com\/avalon693.de\/wp-content\/uploads\/2018\/01\/P1040654.jpg?resize=768%2C576&amp;ssl=1 768w\" sizes=\"auto, (max-width: 700px) 100vw, 700px\" \/><\/a><p id=\"caption-attachment-1497\" class=\"wp-caption-text\">Arbeitsschiff, in diesem Fall wohl so etwas wie Strafarbeit. Die Toilette und der Abflussschlauch sind komplett verstopft und m\u00fcssen gereinigt werden<\/p><\/div>\n<p>Sonntag 10.12.2017, 9. Tag auf See, der Tag der Rekorde. Spitzensurf 10,8 Kn SOG, Etmal 161 Meilen, Durchschnittsgeschwindigkeit \u00fcber den gesamten Tag 6,71 Kn. Wahnsinn. Doch seht selbst, wie solche Rekorde entstehen:<\/p>\n<div style=\"width: 640px;\" class=\"wp-video\"><video class=\"wp-video-shortcode\" id=\"video-1467-5\" width=\"640\" height=\"480\" preload=\"metadata\" controls=\"controls\"><source type=\"video\/mp4\" src=\"http:\/\/avalon693.de\/wp-content\/uploads\/2018\/01\/20171211_0130_Hohe_Wellen_von-_achtern_Schnitt_25.mp4?_=5\" \/><a href=\"http:\/\/avalon693.de\/wp-content\/uploads\/2018\/01\/20171211_0130_Hohe_Wellen_von-_achtern_Schnitt_25.mp4\">http:\/\/avalon693.de\/wp-content\/uploads\/2018\/01\/20171211_0130_Hohe_Wellen_von-_achtern_Schnitt_25.mp4<\/a><\/video><\/div>\n<p>Ich hoffe, ihr seid beim Video schauen nicht seekrank geworden! Wir haben bei diesen Bedingungen die Toilette repariert, gekocht, geschlafen, gelesen, gefilmt, haben am Laptop gesessen oder einfach die faszinierenden Seen bestaunt. Auf Bildern und auch auf Filmen wird eines nie deutlich &#8211; die Wellenh\u00f6he! In diesem Video hatten wir einen Seegang von 4-5m (laut Wetterbericht). Einige Seen sind nach meiner Sch\u00e4tzung wohl eher 6m hoch gewesen.<\/p>\n<p>Nach dem Tag der Rekorde rauscht Avalon relaxt in den Sonnenuntergang<\/p>\n<div style=\"width: 640px;\" class=\"wp-video\"><video class=\"wp-video-shortcode\" id=\"video-1467-6\" width=\"640\" height=\"480\" preload=\"metadata\" controls=\"controls\"><source type=\"video\/mp4\" src=\"http:\/\/avalon693.de\/wp-content\/uploads\/2018\/01\/20171211_0132_Avalon-rauscht_in_den_Sonnenuntergang_Schnitt_25.mp4?_=6\" \/><a href=\"http:\/\/avalon693.de\/wp-content\/uploads\/2018\/01\/20171211_0132_Avalon-rauscht_in_den_Sonnenuntergang_Schnitt_25.mp4\">http:\/\/avalon693.de\/wp-content\/uploads\/2018\/01\/20171211_0132_Avalon-rauscht_in_den_Sonnenuntergang_Schnitt_25.mp4<\/a><\/video><\/div>\n<p>&nbsp;<\/p>\n<p>Donnerstag, 14.12.2017. Heute ist ein besonderer Tag, Lorenzo hat Geburtstag! Ort: Atlantik, 18\u00b000&#8217;N\/40\u00b044&#8217;W. In der Nacht zun\u00e4chst kein Geburtstagssegeln, doch morgens hat sich die See soweit beruhigt, dass wir den Spi setzen k\u00f6nnen. Ein sch\u00f6nes Geburtstagsgeschenk f\u00fcr Lorenzo.<\/p>\n<div id=\"attachment_1499\" style=\"width: 1010px\" class=\"wp-caption alignnone\"><a href=\"https:\/\/i0.wp.com\/avalon693.de\/wp-content\/uploads\/2018\/01\/P1040671.jpg\"><img data-recalc-dims=\"1\" loading=\"lazy\" decoding=\"async\" aria-describedby=\"caption-attachment-1499\" class=\"wp-image-1499 size-full\" src=\"https:\/\/i0.wp.com\/avalon693.de\/wp-content\/uploads\/2018\/01\/P1040671.jpg?resize=700%2C525\" alt=\"\" width=\"700\" height=\"525\" srcset=\"https:\/\/i0.wp.com\/avalon693.de\/wp-content\/uploads\/2018\/01\/P1040671.jpg?w=1000&amp;ssl=1 1000w, https:\/\/i0.wp.com\/avalon693.de\/wp-content\/uploads\/2018\/01\/P1040671.jpg?resize=300%2C225&amp;ssl=1 300w, https:\/\/i0.wp.com\/avalon693.de\/wp-content\/uploads\/2018\/01\/P1040671.jpg?resize=768%2C576&amp;ssl=1 768w\" sizes=\"auto, (max-width: 700px) 100vw, 700px\" \/><\/a><p id=\"caption-attachment-1499\" class=\"wp-caption-text\">Der Spi steht und zieht gut<\/p><\/div>\n<div id=\"attachment_1500\" style=\"width: 1010px\" class=\"wp-caption alignnone\"><a href=\"https:\/\/i0.wp.com\/avalon693.de\/wp-content\/uploads\/2018\/01\/P1040674.jpg\"><img data-recalc-dims=\"1\" loading=\"lazy\" decoding=\"async\" aria-describedby=\"caption-attachment-1500\" class=\"size-full wp-image-1500\" src=\"https:\/\/i0.wp.com\/avalon693.de\/wp-content\/uploads\/2018\/01\/P1040674.jpg?resize=700%2C525\" alt=\"\" width=\"700\" height=\"525\" srcset=\"https:\/\/i0.wp.com\/avalon693.de\/wp-content\/uploads\/2018\/01\/P1040674.jpg?w=1000&amp;ssl=1 1000w, https:\/\/i0.wp.com\/avalon693.de\/wp-content\/uploads\/2018\/01\/P1040674.jpg?resize=300%2C225&amp;ssl=1 300w, https:\/\/i0.wp.com\/avalon693.de\/wp-content\/uploads\/2018\/01\/P1040674.jpg?resize=768%2C576&amp;ssl=1 768w\" sizes=\"auto, (max-width: 700px) 100vw, 700px\" \/><\/a><p id=\"caption-attachment-1500\" class=\"wp-caption-text\">Der Spi als Geburtstagsgeschenk f\u00fcr Lorenzo<\/p><\/div>\n<p>Und obendrauf noch ein Video<\/p>\n<div style=\"width: 640px;\" class=\"wp-video\"><video class=\"wp-video-shortcode\" id=\"video-1467-7\" width=\"640\" height=\"480\" preload=\"metadata\" controls=\"controls\"><source type=\"video\/mp4\" src=\"http:\/\/avalon693.de\/wp-content\/uploads\/2018\/01\/20171214_0133_Spisegeln_Lorenzo_Geburtstag_Schnitt_25.mp4?_=7\" \/><a href=\"http:\/\/avalon693.de\/wp-content\/uploads\/2018\/01\/20171214_0133_Spisegeln_Lorenzo_Geburtstag_Schnitt_25.mp4\">http:\/\/avalon693.de\/wp-content\/uploads\/2018\/01\/20171214_0133_Spisegeln_Lorenzo_Geburtstag_Schnitt_25.mp4<\/a><\/video><\/div>\n<p>&nbsp;<\/p>\n<p>Freitag 15.12.2017<br \/>\nEin wesentliches Merkmal des Passatg\u00fcrtels ist die ausgepr\u00e4gte Wolkenbildung. Nie zuvor habe ich Vergleichbares in dieser Dichte und Sch\u00f6nheit erlebt. Das die Sonne wie bei Capri im Meer&nbsp; versinkt sieht man hier zwar selten bis gar nicht, aber dieses farbenpr\u00e4chtige Wolkenschauspiel entsch\u00e4digt allemal<\/p>\n<p><a href=\"https:\/\/i0.wp.com\/avalon693.de\/wp-content\/uploads\/2018\/01\/P1040687.jpg\"><img data-recalc-dims=\"1\" loading=\"lazy\" decoding=\"async\" class=\"alignnone size-full wp-image-1502\" src=\"https:\/\/i0.wp.com\/avalon693.de\/wp-content\/uploads\/2018\/01\/P1040687.jpg?resize=700%2C525\" alt=\"\" width=\"700\" height=\"525\" srcset=\"https:\/\/i0.wp.com\/avalon693.de\/wp-content\/uploads\/2018\/01\/P1040687.jpg?w=1000&amp;ssl=1 1000w, https:\/\/i0.wp.com\/avalon693.de\/wp-content\/uploads\/2018\/01\/P1040687.jpg?resize=300%2C225&amp;ssl=1 300w, https:\/\/i0.wp.com\/avalon693.de\/wp-content\/uploads\/2018\/01\/P1040687.jpg?resize=768%2C576&amp;ssl=1 768w\" sizes=\"auto, (max-width: 700px) 100vw, 700px\" \/><\/a><\/p>\n<div style=\"width: 640px;\" class=\"wp-video\"><video class=\"wp-video-shortcode\" id=\"video-1467-8\" width=\"640\" height=\"480\" preload=\"metadata\" controls=\"controls\"><source type=\"video\/mp4\" src=\"http:\/\/avalon693.de\/wp-content\/uploads\/2018\/01\/20171215_0134_Sonnenuntergang_Wolken_Schnitt_25.mp4?_=8\" \/><a href=\"http:\/\/avalon693.de\/wp-content\/uploads\/2018\/01\/20171215_0134_Sonnenuntergang_Wolken_Schnitt_25.mp4\">http:\/\/avalon693.de\/wp-content\/uploads\/2018\/01\/20171215_0134_Sonnenuntergang_Wolken_Schnitt_25.mp4<\/a><\/video><\/div>\n<p>&nbsp;<\/p>\n<p>&nbsp;<\/p>\n<div style=\"width: 640px;\" class=\"wp-video\"><video class=\"wp-video-shortcode\" id=\"video-1467-9\" width=\"640\" height=\"480\" preload=\"metadata\" controls=\"controls\"><source type=\"video\/mp4\" src=\"http:\/\/avalon693.de\/wp-content\/uploads\/2018\/01\/20171217_0135_bis20171221_0146_Zusammenschnitt_25.mp4?_=9\" \/><a href=\"http:\/\/avalon693.de\/wp-content\/uploads\/2018\/01\/20171217_0135_bis20171221_0146_Zusammenschnitt_25.mp4\">http:\/\/avalon693.de\/wp-content\/uploads\/2018\/01\/20171217_0135_bis20171221_0146_Zusammenschnitt_25.mp4<\/a><\/video><\/div>\n<p>&nbsp;<\/p>\n<p>Der Ozean zeigt sich pl\u00f6tzlich pflanzenreich, Zeichen f\u00fcr Landn\u00e4he?<\/p>\n<p>&nbsp;<\/p>\n<div id=\"attachment_1503\" style=\"width: 1010px\" class=\"wp-caption alignnone\"><a href=\"https:\/\/i0.wp.com\/avalon693.de\/wp-content\/uploads\/2018\/01\/P1040700.jpg\"><img data-recalc-dims=\"1\" loading=\"lazy\" decoding=\"async\" aria-describedby=\"caption-attachment-1503\" class=\"wp-image-1503 size-full\" src=\"https:\/\/i0.wp.com\/avalon693.de\/wp-content\/uploads\/2018\/01\/P1040700.jpg?resize=700%2C525\" alt=\"\" width=\"700\" height=\"525\" srcset=\"https:\/\/i0.wp.com\/avalon693.de\/wp-content\/uploads\/2018\/01\/P1040700.jpg?w=1000&amp;ssl=1 1000w, https:\/\/i0.wp.com\/avalon693.de\/wp-content\/uploads\/2018\/01\/P1040700.jpg?resize=300%2C225&amp;ssl=1 300w, https:\/\/i0.wp.com\/avalon693.de\/wp-content\/uploads\/2018\/01\/P1040700.jpg?resize=768%2C576&amp;ssl=1 768w\" sizes=\"auto, (max-width: 700px) 100vw, 700px\" \/><\/a><p id=\"caption-attachment-1503\" class=\"wp-caption-text\">Pflanzenteppiche auf dem Wasser.<\/p><\/div>\n<p>&nbsp;<\/p>\n<div id=\"attachment_1504\" style=\"width: 1010px\" class=\"wp-caption alignnone\"><a href=\"https:\/\/i0.wp.com\/avalon693.de\/wp-content\/uploads\/2018\/01\/P1040714.jpg\"><img data-recalc-dims=\"1\" loading=\"lazy\" decoding=\"async\" aria-describedby=\"caption-attachment-1504\" class=\"wp-image-1504 size-full\" src=\"https:\/\/i0.wp.com\/avalon693.de\/wp-content\/uploads\/2018\/01\/P1040714.jpg?resize=700%2C525\" alt=\"\" width=\"700\" height=\"525\" srcset=\"https:\/\/i0.wp.com\/avalon693.de\/wp-content\/uploads\/2018\/01\/P1040714.jpg?w=1000&amp;ssl=1 1000w, https:\/\/i0.wp.com\/avalon693.de\/wp-content\/uploads\/2018\/01\/P1040714.jpg?resize=300%2C225&amp;ssl=1 300w, https:\/\/i0.wp.com\/avalon693.de\/wp-content\/uploads\/2018\/01\/P1040714.jpg?resize=768%2C576&amp;ssl=1 768w\" sizes=\"auto, (max-width: 700px) 100vw, 700px\" \/><\/a><p id=\"caption-attachment-1504\" class=\"wp-caption-text\">Halbmond am Abendhimmel, eine einmalige Stimmung<\/p><\/div>\n<p>Es ist soweit. Barbados ist in Sicht und in wenigen Stunden werden wir festes Land betreten. Bei mir ist die Freude darauf nicht so gro\u00df wie die Freude, \u00fcber den Atlantik gesegelt zu sein.<\/p>\n<div style=\"width: 640px;\" class=\"wp-video\"><video class=\"wp-video-shortcode\" id=\"video-1467-10\" width=\"640\" height=\"480\" preload=\"metadata\" controls=\"controls\"><source type=\"video\/mp4\" src=\"http:\/\/avalon693.de\/wp-content\/uploads\/2018\/01\/20171222_0147_Barbados_Approach_Schnitt_25.mp4?_=10\" \/><a href=\"http:\/\/avalon693.de\/wp-content\/uploads\/2018\/01\/20171222_0147_Barbados_Approach_Schnitt_25.mp4\">http:\/\/avalon693.de\/wp-content\/uploads\/2018\/01\/20171222_0147_Barbados_Approach_Schnitt_25.mp4<\/a><\/video><\/div>\n<p>&nbsp;<\/p>\n<div id=\"attachment_1567\" style=\"width: 1018px\" class=\"wp-caption alignnone\"><a href=\"https:\/\/i0.wp.com\/avalon693.de\/wp-content\/uploads\/2018\/01\/20171222_172602.jpg\"><img data-recalc-dims=\"1\" loading=\"lazy\" decoding=\"async\" aria-describedby=\"caption-attachment-1567\" class=\"wp-image-1567 size-full\" src=\"https:\/\/i0.wp.com\/avalon693.de\/wp-content\/uploads\/2018\/01\/20171222_172602.jpg?resize=700%2C525\" alt=\"\" width=\"700\" height=\"525\" srcset=\"https:\/\/i0.wp.com\/avalon693.de\/wp-content\/uploads\/2018\/01\/20171222_172602.jpg?w=1008&amp;ssl=1 1008w, https:\/\/i0.wp.com\/avalon693.de\/wp-content\/uploads\/2018\/01\/20171222_172602.jpg?resize=300%2C225&amp;ssl=1 300w, https:\/\/i0.wp.com\/avalon693.de\/wp-content\/uploads\/2018\/01\/20171222_172602.jpg?resize=768%2C576&amp;ssl=1 768w\" sizes=\"auto, (max-width: 700px) 100vw, 700px\" \/><\/a><p id=\"caption-attachment-1567\" class=\"wp-caption-text\">Das Leuchtfeuer am Harrison Point im Norden von Barbados, wir sind bald am Ziel<\/p><\/div>\n<div id=\"attachment_1569\" style=\"width: 1018px\" class=\"wp-caption alignnone\"><a href=\"https:\/\/i0.wp.com\/avalon693.de\/wp-content\/uploads\/2018\/01\/20171222_181256.jpg\"><img data-recalc-dims=\"1\" loading=\"lazy\" decoding=\"async\" aria-describedby=\"caption-attachment-1569\" class=\"wp-image-1569 size-full\" src=\"https:\/\/i0.wp.com\/avalon693.de\/wp-content\/uploads\/2018\/01\/20171222_181256.jpg?resize=700%2C525\" alt=\"\" width=\"700\" height=\"525\" srcset=\"https:\/\/i0.wp.com\/avalon693.de\/wp-content\/uploads\/2018\/01\/20171222_181256.jpg?w=1008&amp;ssl=1 1008w, https:\/\/i0.wp.com\/avalon693.de\/wp-content\/uploads\/2018\/01\/20171222_181256.jpg?resize=300%2C225&amp;ssl=1 300w, https:\/\/i0.wp.com\/avalon693.de\/wp-content\/uploads\/2018\/01\/20171222_181256.jpg?resize=768%2C576&amp;ssl=1 768w\" sizes=\"auto, (max-width: 700px) 100vw, 700px\" \/><\/a><p id=\"caption-attachment-1569\" class=\"wp-caption-text\">Hinter dem Wellenbrecher liegt die kleine aber feine Marina von Port St. Charles<\/p><\/div>\n<p>&nbsp;<\/p>\n<div id=\"attachment_1570\" style=\"width: 1018px\" class=\"wp-caption alignnone\"><a href=\"https:\/\/i0.wp.com\/avalon693.de\/wp-content\/uploads\/2018\/01\/20171222_181809.jpg\"><img data-recalc-dims=\"1\" loading=\"lazy\" decoding=\"async\" aria-describedby=\"caption-attachment-1570\" class=\"wp-image-1570 size-full\" src=\"https:\/\/i0.wp.com\/avalon693.de\/wp-content\/uploads\/2018\/01\/20171222_181809.jpg?resize=700%2C525\" alt=\"\" width=\"700\" height=\"525\" srcset=\"https:\/\/i0.wp.com\/avalon693.de\/wp-content\/uploads\/2018\/01\/20171222_181809.jpg?w=1008&amp;ssl=1 1008w, https:\/\/i0.wp.com\/avalon693.de\/wp-content\/uploads\/2018\/01\/20171222_181809.jpg?resize=300%2C225&amp;ssl=1 300w, https:\/\/i0.wp.com\/avalon693.de\/wp-content\/uploads\/2018\/01\/20171222_181809.jpg?resize=768%2C576&amp;ssl=1 768w\" sizes=\"auto, (max-width: 700px) 100vw, 700px\" \/><\/a><p id=\"caption-attachment-1570\" class=\"wp-caption-text\">Die Hafeneinfahrt von Port St. Charles. In der Karibik ist die Betonnung umgekehrt, d.h. von See kommend liegen an steuerbord die roten Tonnen. It&#8217;s very important to know that!!!<\/p><\/div>\n<div id=\"attachment_1572\" style=\"width: 1018px\" class=\"wp-caption alignnone\"><a href=\"https:\/\/i0.wp.com\/avalon693.de\/wp-content\/uploads\/2018\/01\/20171222_182209.jpg\"><img data-recalc-dims=\"1\" loading=\"lazy\" decoding=\"async\" aria-describedby=\"caption-attachment-1572\" class=\"wp-image-1572 size-full\" src=\"https:\/\/i0.wp.com\/avalon693.de\/wp-content\/uploads\/2018\/01\/20171222_182209.jpg?resize=700%2C525\" alt=\"\" width=\"700\" height=\"525\" srcset=\"https:\/\/i0.wp.com\/avalon693.de\/wp-content\/uploads\/2018\/01\/20171222_182209.jpg?w=1008&amp;ssl=1 1008w, https:\/\/i0.wp.com\/avalon693.de\/wp-content\/uploads\/2018\/01\/20171222_182209.jpg?resize=300%2C225&amp;ssl=1 300w, https:\/\/i0.wp.com\/avalon693.de\/wp-content\/uploads\/2018\/01\/20171222_182209.jpg?resize=768%2C576&amp;ssl=1 768w\" sizes=\"auto, (max-width: 700px) 100vw, 700px\" \/><\/a><p id=\"caption-attachment-1572\" class=\"wp-caption-text\">Wohnanlagen in Port St. Charles<\/p><\/div>\n<p>Wir bekommen keinen Platz in der Marina und gehen au\u00dfen vor Anker. Der Anker f\u00e4llt um 13.20h. Zum Einklarieren fahren wir mit dem Dingi. Und das Einklarieren dauert&#8230;wir sind angekommen!<\/p>\n<p>Logge: 02274, gef. Meilen seit Mittagsposition: 8<\/p>\n<p>Die \u00dcberfahrt in Zahlen:<\/p>\n<p>gesegelte Strecke von Las Palmas nach Port St. Charles: 2934 Meilen<br \/>\nben\u00f6tigte Zeit: 20 Tage 1h 20 Min<br \/>\nDurchschnittsgeschwindigkeit: 6,1 Kn<br \/>\nDieselverbrauch: ca. 30 L, eher weniger, das meiste zum Akku laden<\/p>\n<p>&nbsp;<\/p>\n<p>&nbsp;<\/p>\n<div id=\"attachment_1470\" style=\"width: 1010px\" class=\"wp-caption alignnone\"><a href=\"https:\/\/i0.wp.com\/avalon693.de\/wp-content\/uploads\/2018\/01\/P1040725.jpg\"><img data-recalc-dims=\"1\" loading=\"lazy\" decoding=\"async\" aria-describedby=\"caption-attachment-1470\" class=\"wp-image-1470 size-full\" src=\"https:\/\/i0.wp.com\/avalon693.de\/wp-content\/uploads\/2018\/01\/P1040725.jpg?resize=700%2C525\" alt=\"\" width=\"700\" height=\"525\" srcset=\"https:\/\/i0.wp.com\/avalon693.de\/wp-content\/uploads\/2018\/01\/P1040725.jpg?w=1000&amp;ssl=1 1000w, https:\/\/i0.wp.com\/avalon693.de\/wp-content\/uploads\/2018\/01\/P1040725.jpg?resize=300%2C225&amp;ssl=1 300w, https:\/\/i0.wp.com\/avalon693.de\/wp-content\/uploads\/2018\/01\/P1040725.jpg?resize=768%2C576&amp;ssl=1 768w\" sizes=\"auto, (max-width: 700px) 100vw, 700px\" \/><\/a><p id=\"caption-attachment-1470\" class=\"wp-caption-text\">Voil\u00e0, unser M\u00fcll von 20 Tagen, komprimiert in sechs 5-Liter Flaschen<\/p><\/div>\n<p>Zum M\u00fcll sei noch gesagt, dass wir NICHTS \u00fcber Bord geworfen haben, nicht einmal Papier!!!&nbsp; In den Flaschen sind u.a. ca. 15 leere und klein geschnippelte 5-Liter Flaschen, ca. 40 Bierdosen (wir haben uns jeden Abend zum &#8222;Feierabend&#8220; ein Bier geg\u00f6nnt)<\/p>\n<p>&nbsp;<\/p>\n<div id=\"attachment_1471\" style=\"width: 1010px\" class=\"wp-caption alignnone\"><a href=\"https:\/\/i0.wp.com\/avalon693.de\/wp-content\/uploads\/2018\/01\/P1040731.jpg\"><img data-recalc-dims=\"1\" loading=\"lazy\" decoding=\"async\" aria-describedby=\"caption-attachment-1471\" class=\"wp-image-1471 size-full\" src=\"https:\/\/i0.wp.com\/avalon693.de\/wp-content\/uploads\/2018\/01\/P1040731.jpg?resize=700%2C525\" alt=\"\" width=\"700\" height=\"525\" srcset=\"https:\/\/i0.wp.com\/avalon693.de\/wp-content\/uploads\/2018\/01\/P1040731.jpg?w=1000&amp;ssl=1 1000w, https:\/\/i0.wp.com\/avalon693.de\/wp-content\/uploads\/2018\/01\/P1040731.jpg?resize=300%2C225&amp;ssl=1 300w, https:\/\/i0.wp.com\/avalon693.de\/wp-content\/uploads\/2018\/01\/P1040731.jpg?resize=768%2C576&amp;ssl=1 768w\" sizes=\"auto, (max-width: 700px) 100vw, 700px\" \/><\/a><p id=\"caption-attachment-1471\" class=\"wp-caption-text\">Die kleine Versorgungsstation in Port St. Charles. Hier haben wir 30L Diesel und Wasser gebunkert.<\/p><\/div>\n<p>Weiter oben habe ich geschrieben, dass wir angekommen sind. Ja, wir sind da, das Boot schwimmt in 27\u00b0-28\u00b0 warmen Wasser, wir atmen die karibische Luft und riechen das Land. Aber ich brauche noch Zeit. Es ist anders, als in Klintholm anzukommen, ganz anders. Viel Neues wartet und auch die H\u00e4ngematte muss noch warten, bis ich wirklich angekommen bin.<\/p>\n<p>Der Ozean hat mir zu keiner Zeit Angst gemacht. Das bef\u00fcrchtete Gef\u00fchl, dem riesigen Meer ausgeliefert zu sein, hat sich nie eingestellt. Unser Mikrokosmos Boot im sichtbaren Teil des Ozeans hat mir zu jeder Zeit das Gef\u00fchl vermittelt, zu hause zu sein. Mehr geht nicht. Doch, da sind ja noch die Highlights: Stunden- bzw. tagelange Rauschefahrten, Sternenhimmel, Wolkenspektakel, Fliegende Fische, das blaue Meer usw. usw.<\/p>\n<p>&nbsp;<\/p>\n<p>&nbsp;<\/p>\n","protected":false},"excerpt":{"rendered":"<p>Mit dieser Zusammenfassung reiche ich einige pers\u00f6nliche Eindr\u00fccke und vor allem Bilder und Videos von der Atlantik\u00fcberquerung nach Abschied von Las Palmas Der Kurs f\u00fchrt zun\u00e4chst in s\u00fcdwestliche Richtung, folgt also der &#8222;klassischen&#8220; Strategie, sobald wie m\u00f6glich weiter s\u00fcdlich auf&hellip; <\/p>\n","protected":false},"author":1,"featured_media":0,"comment_status":"open","ping_status":"closed","sticky":false,"template":"","format":"standard","meta":{"ngg_post_thumbnail":0,"jetpack_post_was_ever_published":false,"_jetpack_newsletter_access":"","_jetpack_dont_email_post_to_subs":false,"_jetpack_newsletter_tier_id":0,"_jetpack_memberships_contains_paywalled_content":false,"_jetpack_memberships_contains_paid_content":false,"footnotes":"","jetpack_publicize_message":"","jetpack_publicize_feature_enabled":true,"jetpack_social_post_already_shared":true,"jetpack_social_options":{"image_generator_settings":{"template":"highway","default_image_id":0,"font":"","enabled":false},"version":2}},"categories":[1],"tags":[],"class_list":["post-1467","post","type-post","status-publish","format-standard","hentry","category-allgemein"],"yoast_head":"<!-- This site is optimized with the Yoast SEO plugin v27.5 - https:\/\/yoast.com\/product\/yoast-seo-wordpress\/ -->\n<title>Ein Jahr lang Sommer - Zusammenfassung Atlantik\u00fcberquerung vom 02. bis 22.12.2017 - SY &quot;AVALON&quot;<\/title>\n<meta name=\"robots\" content=\"index, follow, max-snippet:-1, max-image-preview:large, max-video-preview:-1\" \/>\n<link rel=\"canonical\" href=\"https:\/\/avalon693.de\/?p=1467\" \/>\n<meta property=\"og:locale\" content=\"de_DE\" \/>\n<meta property=\"og:type\" content=\"article\" \/>\n<meta property=\"og:title\" content=\"Ein Jahr lang Sommer - Zusammenfassung Atlantik\u00fcberquerung vom 02. bis 22.12.2017 - SY &quot;AVALON&quot;\" \/>\n<meta property=\"og:description\" content=\"Mit dieser Zusammenfassung reiche ich einige pers\u00f6nliche Eindr\u00fccke und vor allem Bilder und Videos von der Atlantik\u00fcberquerung nach Abschied von Las Palmas Der Kurs f\u00fchrt zun\u00e4chst in s\u00fcdwestliche Richtung, folgt also der &#8222;klassischen&#8220; Strategie, sobald wie m\u00f6glich weiter s\u00fcdlich auf&hellip;\" \/>\n<meta property=\"og:url\" content=\"https:\/\/avalon693.de\/?p=1467\" \/>\n<meta property=\"og:site_name\" content=\"SY &quot;AVALON&quot;\" \/>\n<meta property=\"article:published_time\" content=\"2018-01-09T14:56:12+00:00\" \/>\n<meta property=\"article:modified_time\" content=\"2018-01-10T01:10:31+00:00\" \/>\n<meta property=\"og:image\" content=\"http:\/\/avalon693.de\/wp-content\/uploads\/2018\/01\/P1040617.jpg\" \/>\n<meta name=\"author\" content=\"avalon693\" \/>\n<meta name=\"twitter:card\" content=\"summary_large_image\" \/>\n<meta name=\"twitter:label1\" content=\"Verfasst von\" \/>\n\t<meta name=\"twitter:data1\" content=\"avalon693\" \/>\n\t<meta name=\"twitter:label2\" content=\"Gesch\u00e4tzte Lesezeit\" \/>\n\t<meta name=\"twitter:data2\" content=\"8\u00a0Minuten\" \/>\n<script type=\"application\/ld+json\" class=\"yoast-schema-graph\">{\"@context\":\"https:\\\/\\\/schema.org\",\"@graph\":[{\"@type\":\"Article\",\"@id\":\"https:\\\/\\\/avalon693.de\\\/?p=1467#article\",\"isPartOf\":{\"@id\":\"https:\\\/\\\/avalon693.de\\\/?p=1467\"},\"author\":{\"name\":\"avalon693\",\"@id\":\"https:\\\/\\\/avalon693.de\\\/#\\\/schema\\\/person\\\/5f77f124e16b82c3adebaa06144e5bcb\"},\"headline\":\"Ein Jahr lang Sommer &#8211; Zusammenfassung Atlantik\u00fcberquerung vom 02. bis 22.12.2017\",\"datePublished\":\"2018-01-09T14:56:12+00:00\",\"dateModified\":\"2018-01-10T01:10:31+00:00\",\"mainEntityOfPage\":{\"@id\":\"https:\\\/\\\/avalon693.de\\\/?p=1467\"},\"wordCount\":1591,\"commentCount\":5,\"image\":{\"@id\":\"https:\\\/\\\/avalon693.de\\\/?p=1467#primaryimage\"},\"thumbnailUrl\":\"http:\\\/\\\/avalon693.de\\\/wp-content\\\/uploads\\\/2018\\\/01\\\/P1040617.jpg\",\"inLanguage\":\"de\",\"potentialAction\":[{\"@type\":\"CommentAction\",\"name\":\"Comment\",\"target\":[\"https:\\\/\\\/avalon693.de\\\/?p=1467#respond\"]}]},{\"@type\":\"WebPage\",\"@id\":\"https:\\\/\\\/avalon693.de\\\/?p=1467\",\"url\":\"https:\\\/\\\/avalon693.de\\\/?p=1467\",\"name\":\"Ein Jahr lang Sommer - Zusammenfassung Atlantik\u00fcberquerung vom 02. bis 22.12.2017 - SY &quot;AVALON&quot;\",\"isPartOf\":{\"@id\":\"https:\\\/\\\/avalon693.de\\\/#website\"},\"primaryImageOfPage\":{\"@id\":\"https:\\\/\\\/avalon693.de\\\/?p=1467#primaryimage\"},\"image\":{\"@id\":\"https:\\\/\\\/avalon693.de\\\/?p=1467#primaryimage\"},\"thumbnailUrl\":\"http:\\\/\\\/avalon693.de\\\/wp-content\\\/uploads\\\/2018\\\/01\\\/P1040617.jpg\",\"datePublished\":\"2018-01-09T14:56:12+00:00\",\"dateModified\":\"2018-01-10T01:10:31+00:00\",\"author\":{\"@id\":\"https:\\\/\\\/avalon693.de\\\/#\\\/schema\\\/person\\\/5f77f124e16b82c3adebaa06144e5bcb\"},\"breadcrumb\":{\"@id\":\"https:\\\/\\\/avalon693.de\\\/?p=1467#breadcrumb\"},\"inLanguage\":\"de\",\"potentialAction\":[{\"@type\":\"ReadAction\",\"target\":[\"https:\\\/\\\/avalon693.de\\\/?p=1467\"]}]},{\"@type\":\"ImageObject\",\"inLanguage\":\"de\",\"@id\":\"https:\\\/\\\/avalon693.de\\\/?p=1467#primaryimage\",\"url\":\"http:\\\/\\\/avalon693.de\\\/wp-content\\\/uploads\\\/2018\\\/01\\\/P1040617.jpg\",\"contentUrl\":\"http:\\\/\\\/avalon693.de\\\/wp-content\\\/uploads\\\/2018\\\/01\\\/P1040617.jpg\"},{\"@type\":\"BreadcrumbList\",\"@id\":\"https:\\\/\\\/avalon693.de\\\/?p=1467#breadcrumb\",\"itemListElement\":[{\"@type\":\"ListItem\",\"position\":1,\"name\":\"Startseite\",\"item\":\"https:\\\/\\\/avalon693.de\\\/\"},{\"@type\":\"ListItem\",\"position\":2,\"name\":\"Ein Jahr lang Sommer &#8211; Zusammenfassung Atlantik\u00fcberquerung vom 02. bis 22.12.2017\"}]},{\"@type\":\"WebSite\",\"@id\":\"https:\\\/\\\/avalon693.de\\\/#website\",\"url\":\"https:\\\/\\\/avalon693.de\\\/\",\"name\":\"SY &quot;AVALON&quot;\",\"description\":\"Ein Online-Log-\\\/Fahrtenbuch der Avalon\",\"potentialAction\":[{\"@type\":\"SearchAction\",\"target\":{\"@type\":\"EntryPoint\",\"urlTemplate\":\"https:\\\/\\\/avalon693.de\\\/?s={search_term_string}\"},\"query-input\":{\"@type\":\"PropertyValueSpecification\",\"valueRequired\":true,\"valueName\":\"search_term_string\"}}],\"inLanguage\":\"de\"},{\"@type\":\"Person\",\"@id\":\"https:\\\/\\\/avalon693.de\\\/#\\\/schema\\\/person\\\/5f77f124e16b82c3adebaa06144e5bcb\",\"name\":\"avalon693\",\"sameAs\":[\"http:\\\/\\\/www.avalon693.de\"],\"url\":\"https:\\\/\\\/avalon693.de\\\/?author=1\"}]}<\/script>\n<!-- \/ Yoast SEO plugin. -->","yoast_head_json":{"title":"Ein Jahr lang Sommer - Zusammenfassung Atlantik\u00fcberquerung vom 02. bis 22.12.2017 - SY &quot;AVALON&quot;","robots":{"index":"index","follow":"follow","max-snippet":"max-snippet:-1","max-image-preview":"max-image-preview:large","max-video-preview":"max-video-preview:-1"},"canonical":"https:\/\/avalon693.de\/?p=1467","og_locale":"de_DE","og_type":"article","og_title":"Ein Jahr lang Sommer - Zusammenfassung Atlantik\u00fcberquerung vom 02. bis 22.12.2017 - SY &quot;AVALON&quot;","og_description":"Mit dieser Zusammenfassung reiche ich einige pers\u00f6nliche Eindr\u00fccke und vor allem Bilder und Videos von der Atlantik\u00fcberquerung nach Abschied von Las Palmas Der Kurs f\u00fchrt zun\u00e4chst in s\u00fcdwestliche Richtung, folgt also der &#8222;klassischen&#8220; Strategie, sobald wie m\u00f6glich weiter s\u00fcdlich auf&hellip;","og_url":"https:\/\/avalon693.de\/?p=1467","og_site_name":"SY &quot;AVALON&quot;","article_published_time":"2018-01-09T14:56:12+00:00","article_modified_time":"2018-01-10T01:10:31+00:00","og_image":[{"url":"http:\/\/avalon693.de\/wp-content\/uploads\/2018\/01\/P1040617.jpg","type":"","width":"","height":""}],"author":"avalon693","twitter_card":"summary_large_image","twitter_misc":{"Verfasst von":"avalon693","Gesch\u00e4tzte Lesezeit":"8\u00a0Minuten"},"schema":{"@context":"https:\/\/schema.org","@graph":[{"@type":"Article","@id":"https:\/\/avalon693.de\/?p=1467#article","isPartOf":{"@id":"https:\/\/avalon693.de\/?p=1467"},"author":{"name":"avalon693","@id":"https:\/\/avalon693.de\/#\/schema\/person\/5f77f124e16b82c3adebaa06144e5bcb"},"headline":"Ein Jahr lang Sommer &#8211; Zusammenfassung Atlantik\u00fcberquerung vom 02. bis 22.12.2017","datePublished":"2018-01-09T14:56:12+00:00","dateModified":"2018-01-10T01:10:31+00:00","mainEntityOfPage":{"@id":"https:\/\/avalon693.de\/?p=1467"},"wordCount":1591,"commentCount":5,"image":{"@id":"https:\/\/avalon693.de\/?p=1467#primaryimage"},"thumbnailUrl":"http:\/\/avalon693.de\/wp-content\/uploads\/2018\/01\/P1040617.jpg","inLanguage":"de","potentialAction":[{"@type":"CommentAction","name":"Comment","target":["https:\/\/avalon693.de\/?p=1467#respond"]}]},{"@type":"WebPage","@id":"https:\/\/avalon693.de\/?p=1467","url":"https:\/\/avalon693.de\/?p=1467","name":"Ein Jahr lang Sommer - Zusammenfassung Atlantik\u00fcberquerung vom 02. bis 22.12.2017 - SY &quot;AVALON&quot;","isPartOf":{"@id":"https:\/\/avalon693.de\/#website"},"primaryImageOfPage":{"@id":"https:\/\/avalon693.de\/?p=1467#primaryimage"},"image":{"@id":"https:\/\/avalon693.de\/?p=1467#primaryimage"},"thumbnailUrl":"http:\/\/avalon693.de\/wp-content\/uploads\/2018\/01\/P1040617.jpg","datePublished":"2018-01-09T14:56:12+00:00","dateModified":"2018-01-10T01:10:31+00:00","author":{"@id":"https:\/\/avalon693.de\/#\/schema\/person\/5f77f124e16b82c3adebaa06144e5bcb"},"breadcrumb":{"@id":"https:\/\/avalon693.de\/?p=1467#breadcrumb"},"inLanguage":"de","potentialAction":[{"@type":"ReadAction","target":["https:\/\/avalon693.de\/?p=1467"]}]},{"@type":"ImageObject","inLanguage":"de","@id":"https:\/\/avalon693.de\/?p=1467#primaryimage","url":"http:\/\/avalon693.de\/wp-content\/uploads\/2018\/01\/P1040617.jpg","contentUrl":"http:\/\/avalon693.de\/wp-content\/uploads\/2018\/01\/P1040617.jpg"},{"@type":"BreadcrumbList","@id":"https:\/\/avalon693.de\/?p=1467#breadcrumb","itemListElement":[{"@type":"ListItem","position":1,"name":"Startseite","item":"https:\/\/avalon693.de\/"},{"@type":"ListItem","position":2,"name":"Ein Jahr lang Sommer &#8211; Zusammenfassung Atlantik\u00fcberquerung vom 02. bis 22.12.2017"}]},{"@type":"WebSite","@id":"https:\/\/avalon693.de\/#website","url":"https:\/\/avalon693.de\/","name":"SY &quot;AVALON&quot;","description":"Ein Online-Log-\/Fahrtenbuch der Avalon","potentialAction":[{"@type":"SearchAction","target":{"@type":"EntryPoint","urlTemplate":"https:\/\/avalon693.de\/?s={search_term_string}"},"query-input":{"@type":"PropertyValueSpecification","valueRequired":true,"valueName":"search_term_string"}}],"inLanguage":"de"},{"@type":"Person","@id":"https:\/\/avalon693.de\/#\/schema\/person\/5f77f124e16b82c3adebaa06144e5bcb","name":"avalon693","sameAs":["http:\/\/www.avalon693.de"],"url":"https:\/\/avalon693.de\/?author=1"}]}},"jetpack_publicize_connections":[],"jetpack_featured_media_url":"","jetpack_sharing_enabled":true,"jetpack_shortlink":"https:\/\/wp.me\/p5W3dN-nF","_links":{"self":[{"href":"https:\/\/avalon693.de\/index.php?rest_route=\/wp\/v2\/posts\/1467","targetHints":{"allow":["GET"]}}],"collection":[{"href":"https:\/\/avalon693.de\/index.php?rest_route=\/wp\/v2\/posts"}],"about":[{"href":"https:\/\/avalon693.de\/index.php?rest_route=\/wp\/v2\/types\/post"}],"author":[{"embeddable":true,"href":"https:\/\/avalon693.de\/index.php?rest_route=\/wp\/v2\/users\/1"}],"replies":[{"embeddable":true,"href":"https:\/\/avalon693.de\/index.php?rest_route=%2Fwp%2Fv2%2Fcomments&post=1467"}],"version-history":[{"count":18,"href":"https:\/\/avalon693.de\/index.php?rest_route=\/wp\/v2\/posts\/1467\/revisions"}],"predecessor-version":[{"id":1611,"href":"https:\/\/avalon693.de\/index.php?rest_route=\/wp\/v2\/posts\/1467\/revisions\/1611"}],"wp:attachment":[{"href":"https:\/\/avalon693.de\/index.php?rest_route=%2Fwp%2Fv2%2Fmedia&parent=1467"}],"wp:term":[{"taxonomy":"category","embeddable":true,"href":"https:\/\/avalon693.de\/index.php?rest_route=%2Fwp%2Fv2%2Fcategories&post=1467"},{"taxonomy":"post_tag","embeddable":true,"href":"https:\/\/avalon693.de\/index.php?rest_route=%2Fwp%2Fv2%2Ftags&post=1467"}],"curies":[{"name":"wp","href":"https:\/\/api.w.org\/{rel}","templated":true}]}}